{"id":11922,"date":"2022-03-31T15:07:27","date_gmt":"2022-03-31T15:07:27","guid":{"rendered":"https:\/\/www.proafed.com\/?p=11922"},"modified":"2022-03-31T15:07:27","modified_gmt":"2022-03-31T15:07:27","slug":"es-necesario-que-beatriz-navas-deje-la-direccion-del-icaa","status":"publish","type":"post","link":"https:\/\/proafed.com\/es\/es-necesario-que-beatriz-navas-deje-la-direccion-del-icaa\/","title":{"rendered":"Es necesario que Beatriz Navas deje la direcci\u00f3n del ICAA"},"content":{"rendered":"<p>En los \u00faltimos a\u00f1os ha habido distintas convocatorias de ayudas <em>Selectivas<\/em> y <em>Generales<\/em>. Nunca hemos sabido las bases con suficiente antelaci\u00f3n, siempre se ha improvisado, siempre ha habido sorpresas negativas y la mayor\u00eda de nuestras aportaciones colectivas no han sido recogidas. Las bases nos han transformado en contadores de puntos, pele\u00e1ndonos como gatos por los pocos en los que ten\u00edamos margen de maniobra, mientras toler\u00e1bamos el abuso del blindaje que la norma otorga a los m\u00e1s fuertes a trav\u00e9s de la insalvable <em>solvencia de las empresas productoras<\/em>.<\/p>\n<p>Se ha dado prioridad pol\u00edtica a la urgente e innegociable discriminaci\u00f3n positiva de la mujer en los cargos de direcci\u00f3n y capitan\u00eda de equipo, pero sin pensar que era necesario acompa\u00f1arla de una memoria econ\u00f3mica para ayudar a implementarla tan eficaz como r\u00e1pidamente, situando a los productores en dilemas \u00e9ticos que no tenemos por qu\u00e9 asumir.<\/p>\n<p>Actualmente se est\u00e1n modificando la <em>Ley de Propiedad Intelectual<\/em>, la <em>Ley General de Comunicaci\u00f3n Audiovisual<\/em> y, por \u00faltimo, la <em>Ley del Cine y la Cultura Audiovisual<\/em>, las tres grandes leyes que dan forma a nuestro sector. Se est\u00e1n redactando sin contar realmente con nosotros, con el \u00fanico objetivo de hacer encajar el gran capital for\u00e1neo y aprovechar los fondos de la UE. Estas reformas traspasan muchas l\u00edneas rojas, destacando las de la consideraci\u00f3n de productor independiente y la retenci\u00f3n del IP en manos de este. Los productores independientes trabajamos sin tener iniciativa creativa y perderemos la propiedad de las obras futuras.<\/p>\n<p>La presencia y defensa cultural de las lenguas catalana, gallega y vasca en todo este guirigay ha sido nula.<\/p>\n<p>Como sector en ca\u00edda libre y en una crisis e inestabilidad ins\u00f3litamente perpetuas, necesitamos tener al frente a profesionales con una s\u00f3lida experiencia en administraci\u00f3n p\u00fablica y econom\u00eda, y objetivos claros a corto, medio y largo plazo. Remando siempre a nuestro favor y con autoridad para hacerlo a contracorriente de los dem\u00e1s, si hace falta, que hace falta.<\/p>\n<p>Es por todo ello que creo honestamente que la actual directora general del ICAA ha demostrado que no es la persona adecuada para liderarlo. No me siento ni escuchado, ni apoyado, ni defendido, ni entendido. Creo que pocos de nosotros se podr\u00e1n sentir as\u00ed. Han pasado cuatro a\u00f1os y solo somos cuatro a\u00f1os m\u00e1s viejos.<\/p>\n","protected":false},"excerpt":{"rendered":"<p>Art\u00edculo de Pere Saballs, productor de Stanley Motss, para el InfoPROA del 29 de marzo de 2022<\/p>\n","protected":false},"author":278,"featured_media":11893,"comment_status":"closed","ping_status":"closed","sticky":false,"template":"","format":"gallery","meta":{"_acf_changed":false,"inline_featured_image":false,"footnotes":""},"categories":[4],"tags":[142],"class_list":["post-11922","post","type-post","status-publish","format-gallery","has-post-thumbnail","hentry","category-proa","tag-slider","post_format-post-format-gallery"],"acf":[],"_links":{"self":[{"href":"https:\/\/proafed.com\/es\/wp-json\/wp\/v2\/posts\/11922","targetHints":{"allow":["GET"]}}],"collection":[{"href":"https:\/\/proafed.com\/es\/wp-json\/wp\/v2\/posts"}],"about":[{"href":"https:\/\/proafed.com\/es\/wp-json\/wp\/v2\/types\/post"}],"author":[{"embeddable":true,"href":"https:\/\/proafed.com\/es\/wp-json\/wp\/v2\/users\/278"}],"replies":[{"embeddable":true,"href":"https:\/\/proafed.com\/es\/wp-json\/wp\/v2\/comments?post=11922"}],"version-history":[{"count":0,"href":"https:\/\/proafed.com\/es\/wp-json\/wp\/v2\/posts\/11922\/revisions"}],"wp:featuredmedia":[{"embeddable":true,"href":"https:\/\/proafed.com\/es\/wp-json\/wp\/v2\/media\/11893"}],"wp:attachment":[{"href":"https:\/\/proafed.com\/es\/wp-json\/wp\/v2\/media?parent=11922"}],"wp:term":[{"taxonomy":"category","embeddable":true,"href":"https:\/\/proafed.com\/es\/wp-json\/wp\/v2\/categories?post=11922"},{"taxonomy":"post_tag","embeddable":true,"href":"https:\/\/proafed.com\/es\/wp-json\/wp\/v2\/tags?post=11922"}],"curies":[{"name":"wp","href":"https:\/\/api.w.org\/{rel}","templated":true}]}}