{"id":11955,"date":"2022-04-11T08:48:50","date_gmt":"2022-04-11T08:48:50","guid":{"rendered":"https:\/\/www.proafed.com\/?p=11955"},"modified":"2022-04-11T08:48:50","modified_gmt":"2022-04-11T08:48:50","slug":"larga-vida-a-medir-y-a-catalan-films","status":"publish","type":"post","link":"https:\/\/proafed.com\/es\/larga-vida-a-medir-y-a-catalan-films\/","title":{"rendered":"Larga vida a Medir y a Catalan Films"},"content":{"rendered":"<p>El pasado viernes, un mail a media tarde me anuncia lo inevitable. Mar Medir nos deja. <strong>Ella se va de Catalan Films y a m\u00ed me llegan un mont\u00f3n de recuerdos imborrables<\/strong>.<\/p>\n<p>Cuando la conoc\u00ed, que todav\u00eda no estaba en Catalan Films sino en Pro Docs, d\u00e1ndolo todo por el documental. O cuando competimos en el Festival de Valladolid en \u201cLa noche del corto espa\u00f1ol\u201d. Ella como productora de <em>Luisa no est\u00e1 en casa<\/em>; yo como director de un corto con un t\u00edtulo con tanta pretensi\u00f3n como <em>A new way of life<\/em>.<\/p>\n<p>La recuerdo en <strong>Catalan Films<\/strong>, con Patricia Bonet a su lado. D\u00fao inseparable en el que las dos se complementaban a la perfecci\u00f3n. Una m\u00e1s viajera, habladora y relaciones p\u00fablicas. La otra m\u00e1s de estar en la ofi, met\u00f3dica y de peque\u00f1o comit\u00e9. No hace falta que os diga qui\u00e9n es quien, porque seguro que ya lo sab\u00e9is.<\/p>\n<p>Y, sobre todo, la recuerdo en los mercados y festivales. Atr\u00e1s queda Ventana Sur, con un cicerone de lujo como el Uriel Wisnia que nos descubri\u00f3 su Buenos Aires haci\u00e9ndolo tambi\u00e9n nuestro. Stuttgart y las conversaciones nocturnas acab\u00e1ndonos el mueble bar para solucionar los males del cine catal\u00e1n. Annecy y los momentos de descanso, entre reuni\u00f3n y reuni\u00f3n, donde sencillamente disfrut\u00e1bamos de <em>il piacere di non fare niente<\/em> sobre un verde c\u00e9sped pr\u00f3ximo a uno de los lagos m\u00e1s bonitos de Europa.<\/p>\n<p><strong>Mar Medir era casa<\/strong>. Era el oasis en medio de los tensos mercados, donde parece que nos vaya la vida en cada <em>meeting<\/em>. Aquella persona con quien pod\u00edas compartir cualquier inseguridad sobre alguno de los proyectos o partners, sabiendo que nunca la utilizar\u00eda en beneficio propio. Y que, a la vez, era capaz de cantarte las cuarenta cuando alguna iniciativa de tu empresa no le parec\u00eda bien.<\/p>\n<p>Catalan Films contin\u00faa y tengo la certeza de que Joan y la nueva tropa que est\u00e1 por llegar conseguir\u00e1n paliar este vac\u00edo que hoy sentimos. Creo que hablo en nombre de todos y todas cuando digo que <strong>te echaremos de menos, Mar<\/strong>. Y que la has <em>cagado<\/em> con una de las sentencias de tu mail de despedida: \u201cEchar\u00e9 mucho de menos que me expliqu\u00e9is vuestras ideas y aventuras, por favor, si ten\u00e9is ganas, \u00a1no dej\u00e9is de hacerlo!\u201d. Te anuncio aqu\u00ed y ahora que, como m\u00ednimo yo, lo seguir\u00e9 haciendo. \u00a1Avisada est\u00e1s!<\/p>\n","protected":false},"excerpt":{"rendered":"<p>Art\u00edculo de Mikel Mas, productor ejecutivo y CEO de Cornelius Films, para el InfoPROA del 5 de abril<\/p>\n","protected":false},"author":236,"featured_media":11933,"comment_status":"closed","ping_status":"closed","sticky":false,"template":"","format":"gallery","meta":{"_acf_changed":false,"inline_featured_image":false,"footnotes":""},"categories":[4],"tags":[142],"class_list":["post-11955","post","type-post","status-publish","format-gallery","has-post-thumbnail","hentry","category-proa","tag-slider","post_format-post-format-gallery"],"acf":[],"_links":{"self":[{"href":"https:\/\/proafed.com\/es\/wp-json\/wp\/v2\/posts\/11955","targetHints":{"allow":["GET"]}}],"collection":[{"href":"https:\/\/proafed.com\/es\/wp-json\/wp\/v2\/posts"}],"about":[{"href":"https:\/\/proafed.com\/es\/wp-json\/wp\/v2\/types\/post"}],"author":[{"embeddable":true,"href":"https:\/\/proafed.com\/es\/wp-json\/wp\/v2\/users\/236"}],"replies":[{"embeddable":true,"href":"https:\/\/proafed.com\/es\/wp-json\/wp\/v2\/comments?post=11955"}],"version-history":[{"count":0,"href":"https:\/\/proafed.com\/es\/wp-json\/wp\/v2\/posts\/11955\/revisions"}],"wp:featuredmedia":[{"embeddable":true,"href":"https:\/\/proafed.com\/es\/wp-json\/wp\/v2\/media\/11933"}],"wp:attachment":[{"href":"https:\/\/proafed.com\/es\/wp-json\/wp\/v2\/media?parent=11955"}],"wp:term":[{"taxonomy":"category","embeddable":true,"href":"https:\/\/proafed.com\/es\/wp-json\/wp\/v2\/categories?post=11955"},{"taxonomy":"post_tag","embeddable":true,"href":"https:\/\/proafed.com\/es\/wp-json\/wp\/v2\/tags?post=11955"}],"curies":[{"name":"wp","href":"https:\/\/api.w.org\/{rel}","templated":true}]}}