{"id":12107,"date":"2022-05-17T09:41:00","date_gmt":"2022-05-17T09:41:00","guid":{"rendered":"https:\/\/www.proafed.com\/?p=12107"},"modified":"2023-07-06T21:16:13","modified_gmt":"2023-07-06T21:16:13","slug":"companeres-el-talento-no-cae-del-cielo","status":"publish","type":"post","link":"https:\/\/proafed.com\/es\/companeres-el-talento-no-cae-del-cielo\/","title":{"rendered":"Compa\u00f1eres, el talento no cae del cielo"},"content":{"rendered":"<p>Talento\u2026 Podemos definirlo como esa capacidad que todas las empresas buscamos entre les candidates, escudri\u00f1ando \u00e1vidamente durante nuestros complejos procesos de selecci\u00f3n. Aquella que ha suscitado tanto debate a la hora de responder: <strong>\u00bfse nace o se hace?<\/strong><\/p>\n<p>Y no negar\u00e9 que existe un componente de predisposici\u00f3n personal, pero no nos enga\u00f1emos: sin desarrollarlo durante nuestro proceso madurativo (personal y profesional), no existir\u00eda el talento, ya no solo como lo reconocemos, sino tambi\u00e9n como lo deseamos.<\/p>\n<p>\u00a1Y cada vez deseamos m\u00e1s! Y no podemos esperar que solo les candidates se preocupen por cumplir nuestros deseos y encajar en aquella ansiada traducci\u00f3n del talento en nuestra realidad laboral.<\/p>\n<p>\u00bfCu\u00e1l es entonces el papel de las empresas? Si me permit\u00eds un s\u00edmil primaveral, solo las semillas plantadas bajo la atenta experiencia de les jardineres florecen para acabar dando frutos de la m\u00e1s alta calidad.<\/p>\n<p>Parafraseando a Francisco Umbral, <strong>\u201cel talento, en buena medida, es una cuesti\u00f3n de insistencia\u201d<\/strong>. Y no estamos insistiendo lo suficiente. Podr\u00edamos plantar m\u00e1s semillas, pero, sobre todo, debemos imprimir m\u00e1s fuerza en ayudarlas a florecer.<\/p>\n<p>Atr\u00e1s quedaron los d\u00edas de reclutamiento reactivo. Ahora recurrimos a la <strong>b\u00fasqueda directa, proactiva<\/strong>, y muchas veces no da frutos. O no existe lo que deseamos o no hay suficiente oferta para tanta demanda.<\/p>\n<p>Actuemos, por favor. Insistamos en <strong>educar el talento que deseamos obtener<\/strong>, no ya cuando les profesionales se han formado y han empezado su particular b\u00fasqueda del Santo Grial. Actuemos cuando a\u00fan podemos ser determinantes, <strong>incidiendo, formando, forjando competencias<\/strong> y mostrando el futuro de nuestro sector, avanz\u00e1ndonos a lo que sabemos que est\u00e1 por llegar. Incidamos en los profesionales del presente, pero tambi\u00e9n en los del futuro.<\/p>\n<p>No esper\u00e9is a que el talento llegue a vuestras empresas por casualidad o por el buen hacer de les reclutadores, no dejemos recaer todo el peso de la responsabilidad en las entidades formativas. Participad en su desarrollo. <strong>\u00a1H\u00e1gase la proactividad formativa empresarial!<\/strong><\/p>\n","protected":false},"excerpt":{"rendered":"<p>Art\u00edculo de Yolanda S\u00e1nchez, HR Director en Gameloft, para el InfoPROA del 17 de mayo de 2022 <\/p>\n","protected":false},"author":90,"featured_media":12108,"comment_status":"closed","ping_status":"closed","sticky":false,"template":"","format":"standard","meta":{"_acf_changed":false,"inline_featured_image":false,"footnotes":""},"categories":[3,4],"tags":[142],"class_list":["post-12107","post","type-post","status-publish","format-standard","has-post-thumbnail","hentry","category-devicat","category-proa","tag-slider"],"acf":[],"_links":{"self":[{"href":"https:\/\/proafed.com\/es\/wp-json\/wp\/v2\/posts\/12107","targetHints":{"allow":["GET"]}}],"collection":[{"href":"https:\/\/proafed.com\/es\/wp-json\/wp\/v2\/posts"}],"about":[{"href":"https:\/\/proafed.com\/es\/wp-json\/wp\/v2\/types\/post"}],"author":[{"embeddable":true,"href":"https:\/\/proafed.com\/es\/wp-json\/wp\/v2\/users\/90"}],"replies":[{"embeddable":true,"href":"https:\/\/proafed.com\/es\/wp-json\/wp\/v2\/comments?post=12107"}],"version-history":[{"count":0,"href":"https:\/\/proafed.com\/es\/wp-json\/wp\/v2\/posts\/12107\/revisions"}],"wp:featuredmedia":[{"embeddable":true,"href":"https:\/\/proafed.com\/es\/wp-json\/wp\/v2\/media\/12108"}],"wp:attachment":[{"href":"https:\/\/proafed.com\/es\/wp-json\/wp\/v2\/media?parent=12107"}],"wp:term":[{"taxonomy":"category","embeddable":true,"href":"https:\/\/proafed.com\/es\/wp-json\/wp\/v2\/categories?post=12107"},{"taxonomy":"post_tag","embeddable":true,"href":"https:\/\/proafed.com\/es\/wp-json\/wp\/v2\/tags?post=12107"}],"curies":[{"name":"wp","href":"https:\/\/api.w.org\/{rel}","templated":true}]}}