{"id":12219,"date":"2022-05-31T16:29:17","date_gmt":"2022-05-31T16:29:17","guid":{"rendered":"https:\/\/www.proafed.com\/?p=12219"},"modified":"2022-05-31T16:29:17","modified_gmt":"2022-05-31T16:29:17","slug":"cine-de-pueblo","status":"publish","type":"post","link":"https:\/\/proafed.com\/es\/cine-de-pueblo\/","title":{"rendered":"Cine de pueblo"},"content":{"rendered":"<p>En el Pa\u00eds Valenci\u00e0 somos de pueblo. Yo soy de pueblo, de uno que se llama Alquer\u00edas del Ni\u00f1o Perdido. Pero ahora que hace muchos a\u00f1os que vivo en Valencia, veo que aqu\u00ed tambi\u00e9n todos somos de pueblo. Somos la periferia de la periferia. Somos los campesinos del cine. Gracias, <em>Alcarr\u00e0s <\/em>y Carla Sim\u00f3n por ponerlo (por ponernos) en valor. Por poner en valor una manera de entender el mundo y reivindicarnos ante los monstruos que nos amenazan. Pero hacer cine, por desgracia, es como cultivar melocotones, o en mi caso, mandarinas, que lo podr\u00eda aprender a hacer en casa, de mi madre y mi padre.<\/p>\n<p>Hay cinco facultades de Comunicaci\u00f3n Audiovisual en el Pa\u00eds Valenci\u00e0. Una en Castell\u00f3n, otra en Elche y tres en Valencia (una de ellas privada). Pero ninguna de ellas parece estar decidida a convertirse en un lugar donde el cine sea capital. Se lo curran mucho, todas ellas, doy fe. Pero es necesaria una escuela de cine. Y como gran rasgo diferencial, deber\u00eda ser p\u00fablica. Es necesaria, no solo por aquello espec\u00edfico que se pueda aprender en las aulas, sino para cultivar el deseo y la certeza de que se puede hacer cine desde este pueblo. Necesitamos grupos de colegas, referentes y autoreferentes para que nuestros j\u00f3venes cineastas no huyan, como por desgracia hacen.<\/p>\n<p>En modo auto reivindicativo, reivindico <em>Pueblo<\/em>, de la oriolana Elena L\u00f3pez Riera, o su primer largometraje, <em>El agua, <\/em>que se acaba de estrenar en la Quincena de realizadores dentro del Festival de Cannes. En su cine habla del pueblo sin romanticismos, como ese lugar que te asfixia pero que amas, de ese lugar del que quieres huir pero que te atrapa. Ella es un buen ejemplo de eso y tambi\u00e9n de c\u00f3mo, a pesar de todo, en el Pa\u00eds Valenci\u00e0 se puede hacer cine del bueno, del mejor. Sin embargo, estar\u00eda bien no tener que hacerlo en plan Erasmus, sino que este pueblo fuera un lugar donde aprender a hacer cine y donde quedarse a hacerlo. Porque ser la periferia mola. No ser devorado por el monstruo mola. Pero necesitamos un centro, un lugar. Y tengo la impresi\u00f3n de que ese lugar debe ser una escuela. Un espacio donde sentirse acogido, crecer y tambi\u00e9n, eso ser\u00eda cosa de cada uno, un lugar donde quedarse.<\/p>\n","protected":false},"excerpt":{"rendered":"<p>Art\u00edculo de Rafa Mol\u00e9s, director de SUICAfilms, para el InfoPROA del 31 de mayo.<\/p>\n","protected":false},"author":299,"featured_media":12148,"comment_status":"closed","ping_status":"closed","sticky":false,"template":"","format":"standard","meta":{"_acf_changed":false,"inline_featured_image":false,"footnotes":""},"categories":[120,4],"tags":[142],"class_list":["post-12219","post","type-post","status-publish","format-standard","has-post-thumbnail","hentry","category-avant","category-proa","tag-slider"],"acf":[],"_links":{"self":[{"href":"https:\/\/proafed.com\/es\/wp-json\/wp\/v2\/posts\/12219","targetHints":{"allow":["GET"]}}],"collection":[{"href":"https:\/\/proafed.com\/es\/wp-json\/wp\/v2\/posts"}],"about":[{"href":"https:\/\/proafed.com\/es\/wp-json\/wp\/v2\/types\/post"}],"author":[{"embeddable":true,"href":"https:\/\/proafed.com\/es\/wp-json\/wp\/v2\/users\/299"}],"replies":[{"embeddable":true,"href":"https:\/\/proafed.com\/es\/wp-json\/wp\/v2\/comments?post=12219"}],"version-history":[{"count":0,"href":"https:\/\/proafed.com\/es\/wp-json\/wp\/v2\/posts\/12219\/revisions"}],"wp:featuredmedia":[{"embeddable":true,"href":"https:\/\/proafed.com\/es\/wp-json\/wp\/v2\/media\/12148"}],"wp:attachment":[{"href":"https:\/\/proafed.com\/es\/wp-json\/wp\/v2\/media?parent=12219"}],"wp:term":[{"taxonomy":"category","embeddable":true,"href":"https:\/\/proafed.com\/es\/wp-json\/wp\/v2\/categories?post=12219"},{"taxonomy":"post_tag","embeddable":true,"href":"https:\/\/proafed.com\/es\/wp-json\/wp\/v2\/tags?post=12219"}],"curies":[{"name":"wp","href":"https:\/\/api.w.org\/{rel}","templated":true}]}}