{"id":13676,"date":"2023-07-04T08:19:18","date_gmt":"2023-07-04T08:19:18","guid":{"rendered":"https:\/\/www.proafed.com\/?p=13333"},"modified":"2023-07-11T07:51:23","modified_gmt":"2023-07-11T07:51:23","slug":"videojuegos-sueno-compartido","status":"publish","type":"post","link":"https:\/\/proafed.com\/es\/videojuegos-sueno-compartido\/","title":{"rendered":"Los videojuegos como un sue\u00f1o compartido"},"content":{"rendered":"<p>La semana pasada, tuvo lugar en Barcelona una nueva edici\u00f3n de <a href=\"https:\/\/www.gamelab.es\/\" target=\"_blank\" rel=\"noopener\">Gamelab<\/a>, el congreso internacional arraigado en Catalunya desde 2011 y que algunos l\u00edderes del sector han empezado a proyectar por su influencia como un potencial \u201cDavos del videojuego\u201d.<\/p>\n<p>En Gamelab, el ecosistema de Catalunya ha encontrado un faro que inspira su futuro y que poco a poco ha forjado un sue\u00f1o compartido: el de convertir nuestro pa\u00eds en el mejor lugar del mundo para crear videojuegos.<\/p>\n<p>Esta ilusi\u00f3n colectiva ha empezado ya a hacerse realidad gracias a la constancia del trabajo de un ecosistema que, a pesar de su acelerada expansi\u00f3n, ha sabido permanecer unido alrededor de una visi\u00f3n com\u00fan y un esfuerzo solidario.<\/p>\n<p>En un momento en el que la bola de nieve del videojuego crece para engullir en ella a Barcelona, tenemos que detenernos y pensar qu\u00e9 es lo que realmente estamos construyendo. Y quiz\u00e1s entonces nos damos cuenta de que tenemos una oportunidad singular y privilegiada para dejar o\u00edr nuestra voz de forma m\u00e1s contundente dentro de un sector europeo del videojuego hu\u00e9rfano de liderazgo.<\/p>\n<p>Tal vez tenemos que dejar de compararnos con una mirada corta y temerosa, en cifras que piden permiso a quienes no pueden darlo, y m\u00e1s all\u00e1 de eso, ambicionar ser quienes damos forma al sue\u00f1o de que el medio m\u00e1s importante de nuestro tiempo se convierta, adem\u00e1s, en el mejor.<\/p>\n<p>Porque el mundo se ha girado ya hacia nosotros y nos escucha, esperando que tomemos la palabra desde nuestros propios escenarios.<\/p>\n","protected":false},"excerpt":{"rendered":"<p>Art\u00edculo de Iv\u00e1n Fern\u00e1ndez Lobo, director de Gamelab y secretario general de DeviCAT, para el InfoPROA del 4 de julio de 2023<\/p>\n","protected":false},"author":169,"featured_media":13692,"comment_status":"closed","ping_status":"closed","sticky":false,"template":"","format":"gallery","meta":{"_acf_changed":false,"inline_featured_image":false,"footnotes":""},"categories":[124,115],"tags":[],"class_list":["post-13676","post","type-post","status-publish","format-gallery","has-post-thumbnail","hentry","category-devicat-es","category-proa-es","post_format-post-format-gallery"],"acf":[],"_links":{"self":[{"href":"https:\/\/proafed.com\/es\/wp-json\/wp\/v2\/posts\/13676","targetHints":{"allow":["GET"]}}],"collection":[{"href":"https:\/\/proafed.com\/es\/wp-json\/wp\/v2\/posts"}],"about":[{"href":"https:\/\/proafed.com\/es\/wp-json\/wp\/v2\/types\/post"}],"author":[{"embeddable":true,"href":"https:\/\/proafed.com\/es\/wp-json\/wp\/v2\/users\/169"}],"replies":[{"embeddable":true,"href":"https:\/\/proafed.com\/es\/wp-json\/wp\/v2\/comments?post=13676"}],"version-history":[{"count":0,"href":"https:\/\/proafed.com\/es\/wp-json\/wp\/v2\/posts\/13676\/revisions"}],"wp:featuredmedia":[{"embeddable":true,"href":"https:\/\/proafed.com\/es\/wp-json\/wp\/v2\/media\/13692"}],"wp:attachment":[{"href":"https:\/\/proafed.com\/es\/wp-json\/wp\/v2\/media?parent=13676"}],"wp:term":[{"taxonomy":"category","embeddable":true,"href":"https:\/\/proafed.com\/es\/wp-json\/wp\/v2\/categories?post=13676"},{"taxonomy":"post_tag","embeddable":true,"href":"https:\/\/proafed.com\/es\/wp-json\/wp\/v2\/tags?post=13676"}],"curies":[{"name":"wp","href":"https:\/\/api.w.org\/{rel}","templated":true}]}}