{"id":13682,"date":"2022-02-28T16:31:10","date_gmt":"2022-02-28T16:31:10","guid":{"rendered":"https:\/\/proafed.com\/new\/unwelts\/"},"modified":"2023-07-06T21:26:10","modified_gmt":"2023-07-06T21:26:10","slug":"unwelts","status":"publish","type":"post","link":"https:\/\/proafed.com\/es\/unwelts\/","title":{"rendered":"Unwelts"},"content":{"rendered":"<p>Los profetas de los mundos dist\u00f3picos y del apocalipsis se suelen precipitar en sus predicciones. En 1984 no hab\u00eda ning\u00fan Gran Hermano (al menos no institucionalizado como en la novela). En 2001 ninguna Odisea despeg\u00f3 hacia el espacio. Y en 2019 no exist\u00edan los replicantes de <em>Blade Runner<\/em>. Quiz\u00e1s por eso cuando hace dos a\u00f1os anunciamos desde ProDocs la lenta muerte del documental catal\u00e1n, no pens\u00e1bamos que su fin fuera tan r\u00e1pido. Pero as\u00ed ha sido. <strong>La inversi\u00f3n de la CCMA (Corporaci\u00f3 Catalana de Mitjans Audiovisuals) en producci\u00f3n independiente documental en 2021 ha sido de 145.000 euros<\/strong>. Hemos tocado fondo.<\/p>\n<p>Desde esta realidad desoladora, mantuvimos una reuni\u00f3n entre la junta de ProDocs y representantes de la CCMA para tratar la situaci\u00f3n insostenible del documental, indagar c\u00f3mo hemos llegado hasta aqu\u00ed y constatar que vemos la realidad desde par\u00e1metros muy diferentes.<\/p>\n<p>Los humanos tendemos a asignar conciencia humana a los animales. Pero para el murci\u00e9lago, que se orienta con el eco, las se\u00f1ales importantes son las olas que atraviesan el aire. Incluso cuando un gato se frota con nuestros pies y estamos convencidos de que es una se\u00f1al de aprecio, lo que seguramente ocurre es que est\u00e1 dejando sus hormonas sobre nosotros, reivindicando su propiedad ante los otros gatos. As\u00ed somos los humanos. Si tendemos al antropocentrismo ante los otros animales, la cosa no mejora demasiado cuando se trata de nosotros mismos. Nuestra conciencia funciona construyendo un modelo del mundo (cada cual con los par\u00e1metros con los que percibe la realidad) que proyectamos hacia el futuro, desde donde buscamos nuestros objetivos: el <em>unwelt<\/em>, seg\u00fan dicen los psic\u00f3logos.<\/p>\n<p>Cada organismo habita su propio <em>unwelt<\/em> y esta suele ser toda la realidad objetiva de su mundo exterior. Igual que un perro vivo inmerso en una vor\u00e1gine de olores que le sirven para cazar, encontrar comida o pareja, <strong>el mundo de la CCMA es el de las audiencias y la parrilla<\/strong> (lo que podemos llegar a comprender al tratarse de una estructura de estado que tiene que velar por el liderazgo televisivo). Ya podemos hablar nosotros de la <strong>importancia social y cultural del documental,<\/strong> de su potencial en cuanto a autores, de los importes m\u00ednimos que tendr\u00edan que invertir las televisiones para que las productoras podamos hacer obras referentes que proyecten nuestra cultura por el mundo. Ese es nuestro <em>unwelt<\/em>, no el suyo.<\/p>\n<p>No es f\u00e1cil comprender e integrar los par\u00e1metros del otro, pero desde la nada donde ahora nos encontramos no queda otro remedio que intentarlo para poder construir algo nuevo con sentido.<\/p>\n<p>Mientras ganamos tiempo y generamos el espacio para poder hacer compatibles los dos <em>unwelts<\/em>, en la reuni\u00f3n se concret\u00f3 un <strong>compromiso para pasar de los 145.000 euros invertidos en 2021 a los 500.000 euros en 2022<\/strong>. Creemos que es del todo insuficiente (es el triple que el a\u00f1o pasado, pero una <strong>tercera parte de como est\u00e1bamos en 2011<\/strong>), a pesar de que es un primer paso para empezar a construir este nuevo ecosistema en el que pueda surgir una <strong>diversidad rica y fruct\u00edfera<\/strong> que no solo mantenga, sino <strong>que ampl\u00ede la audiencia y el prestigio de la CCMA<\/strong>.<\/p>\n<p>Ahora bien: para que puedan surgir obras referentes, adem\u00e1s de las necesidades de programaci\u00f3n estructurales inherentes en cualquier televisi\u00f3n, entre todos tenemos que creernos por qu\u00e9 son importantes estas obras y <strong>crear las condiciones econ\u00f3micas, editoriales y contractuales para que sean posibles<\/strong>. Por suerte, gracias al \u00e9xito sonado de <em>Alcarr\u00e0s<\/em>, no hay que dar muchas explicaciones al respecto. Sencillamente, cuando afloran, nos llenan de gozo individual y colectivamente, <strong>nos reafirman como cultura y nos proyectan hacia el mundo<\/strong>.<\/p>\n","protected":false},"excerpt":{"rendered":"<p>Art\u00edculo de Ventura Durall, director de Nanouk Films, para el InfoPROA del 1 de marzo de 2022<\/p>\n","protected":false},"author":352,"featured_media":0,"comment_status":"closed","ping_status":"closed","sticky":false,"template":"","format":"gallery","meta":{"_acf_changed":false,"inline_featured_image":false,"footnotes":""},"categories":[115,114],"tags":[214],"class_list":["post-13682","post","type-post","status-publish","format-gallery","hentry","category-proa-es","category-prodocs-es","tag-slider-es","post_format-post-format-gallery"],"acf":[],"_links":{"self":[{"href":"https:\/\/proafed.com\/es\/wp-json\/wp\/v2\/posts\/13682","targetHints":{"allow":["GET"]}}],"collection":[{"href":"https:\/\/proafed.com\/es\/wp-json\/wp\/v2\/posts"}],"about":[{"href":"https:\/\/proafed.com\/es\/wp-json\/wp\/v2\/types\/post"}],"author":[{"embeddable":true,"href":"https:\/\/proafed.com\/es\/wp-json\/wp\/v2\/users\/352"}],"replies":[{"embeddable":true,"href":"https:\/\/proafed.com\/es\/wp-json\/wp\/v2\/comments?post=13682"}],"version-history":[{"count":0,"href":"https:\/\/proafed.com\/es\/wp-json\/wp\/v2\/posts\/13682\/revisions"}],"wp:attachment":[{"href":"https:\/\/proafed.com\/es\/wp-json\/wp\/v2\/media?parent=13682"}],"wp:term":[{"taxonomy":"category","embeddable":true,"href":"https:\/\/proafed.com\/es\/wp-json\/wp\/v2\/categories?post=13682"},{"taxonomy":"post_tag","embeddable":true,"href":"https:\/\/proafed.com\/es\/wp-json\/wp\/v2\/tags?post=13682"}],"curies":[{"name":"wp","href":"https:\/\/api.w.org\/{rel}","templated":true}]}}