{"id":14468,"date":"2023-09-29T07:18:56","date_gmt":"2023-09-29T07:18:56","guid":{"rendered":"https:\/\/proafed.com\/?p=14468"},"modified":"2023-09-29T07:20:24","modified_gmt":"2023-09-29T07:20:24","slug":"ultimos-dias-para-inscribirse-en-el-master-de-produccion-ejecutiva-audiovisual-impartido-por-blanquerna-y-proa","status":"publish","type":"post","link":"https:\/\/proafed.com\/es\/ultimos-dias-para-inscribirse-en-el-master-de-produccion-ejecutiva-audiovisual-impartido-por-blanquerna-y-proa\/","title":{"rendered":"\u00daltimos d\u00edas para inscribirse en el m\u00e1ster de producci\u00f3n ejecutiva audiovisual, impartido por Blanquerna y PROA"},"content":{"rendered":"<p>\u00bfTe gustar\u00eda formarte en producci\u00f3n ejecutiva audiovisual con los responsables de las \u00faltimas series, pel\u00edculas, programas y videojuegos de \u00e9xito? El <a href=\"https:\/\/www.blanquerna.edu\/es\/master-en-produccion-ejecutiva-audiovisual-blanquerna-proa\">M\u00e1ster en Producci\u00f3n Ejecutiva Audiovisual Blanquerna-PROA<\/a>, que en octubre iniciar\u00e1 su quinta edici\u00f3n en Barcelona, mantiene abierto el plazo de inscripciones para el curso 2023-2024 hasta el pr\u00f3ximo 13 de octubre.<\/p>\n<p>El programa apuesta por la formaci\u00f3n pr\u00e1ctica, ligada a la realidad profesional de la industria, y a la colaboraci\u00f3n de las empresas audiovisuales para la realizaci\u00f3n de pr\u00e1cticas. Ambos factores han convertido al M\u00e1ster en una de las principales v\u00edas de entrada en el sector audiovisual. De hecho, presenta un \u00edndice de inserci\u00f3n laboral del 90% entre sus antiguos alumnos.<\/p>\n<p>Uno de los principales valores del M\u00e1ster es la transferencia de conocimiento entre las cerca de 200 empresas que impulsaron la formaci\u00f3n a trav\u00e9s de la Federaci\u00f3n de Productoras Audiovisuales (PROA), y Blanquerna-Universitat Ramon Llull. Las productoras participantes intervienen en la actualizaci\u00f3n del plan de estudios y ofrecen pr\u00e1cticas en las que el alumnado se integra en su equipo de producci\u00f3n.<\/p>\n<p>Dirigido por Judith Colell Pallar\u00e8s, tambi\u00e9n presidenta de la Acad\u00e8mia del Cinema Catal\u00e0, y la productora Elena Subir\u00e0 Roca, el M\u00e1ster cuenta con un equipo docente formado por productores y productoras en activo, responsables de algunos de los mayores \u00e9xitos audiovisuales de los \u00faltimos a\u00f1os, desde Alcarr\u00e0s, 20.000 especies de abejas y As bestas hasta Crims, entre otros muchos.<\/p>\n<p>El contacto del profesorado con la realidad de la industria audiovisual hace que el temario se adapte, edici\u00f3n tras edici\u00f3n, a las novedades y tendencias del sector.<\/p>\n<p>\u201cFormamos a perfiles todoterreno para que sean capaces de levantar producciones audiovisuales liderando la b\u00fasqueda de financiaci\u00f3n, el desarrollo de ideas, la captaci\u00f3n y la gesti\u00f3n del talento y la gesti\u00f3n de una empresa\u201d, subraya <strong>Judith Colell Pallar\u00e8s, codirectora del M\u00e1ster en Producci\u00f3n Ejecutiva Audiovisual Blanquerna-PROA<\/strong>.<\/p>\n<p>A lo que <strong>Elena Subir\u00e0<\/strong>, tambi\u00e9n codirectora del M\u00e1ster, a\u00f1ade: \u201cAnte el car\u00e1cter estrat\u00e9gico que el audiovisual ha asumido para la cultura y la proyecci\u00f3n del pa\u00eds, contar con profesionales que sepan canalizar el enorme talento del que disponemos ser\u00e1 m\u00e1s necesario que nunca\u201d.<\/p>\n<p>El M\u00e1ster se organiza en torno a siete m\u00f3dulos que comprenden todas las fases de despliegue de un proyecto audiovisual: desarrollo, financiaci\u00f3n, producci\u00f3n, lanzamiento, creaci\u00f3n de una empresa, pr\u00e1cticas y trabajo de final de m\u00e1ster. Cada una de estas \u00e1reas abarca de forma transversal los cinco g\u00e9neros principales del sector audiovisual: ficci\u00f3n, documental, animaci\u00f3n, entretenimiento y videojuegos.<\/p>\n","protected":false},"excerpt":{"rendered":"<p>\u00bfTe gustar\u00eda formarte en producci\u00f3n ejecutiva audiovisual con los responsables de las \u00faltimas series, pel\u00edculas, programas y videojuegos de \u00e9xito?<\/p>\n","protected":false},"author":90,"featured_media":14466,"comment_status":"open","ping_status":"open","sticky":false,"template":"","format":"standard","meta":{"_acf_changed":false,"inline_featured_image":false,"footnotes":""},"categories":[115],"tags":[],"class_list":["post-14468","post","type-post","status-publish","format-standard","has-post-thumbnail","hentry","category-proa-es"],"acf":[],"_links":{"self":[{"href":"https:\/\/proafed.com\/es\/wp-json\/wp\/v2\/posts\/14468","targetHints":{"allow":["GET"]}}],"collection":[{"href":"https:\/\/proafed.com\/es\/wp-json\/wp\/v2\/posts"}],"about":[{"href":"https:\/\/proafed.com\/es\/wp-json\/wp\/v2\/types\/post"}],"author":[{"embeddable":true,"href":"https:\/\/proafed.com\/es\/wp-json\/wp\/v2\/users\/90"}],"replies":[{"embeddable":true,"href":"https:\/\/proafed.com\/es\/wp-json\/wp\/v2\/comments?post=14468"}],"version-history":[{"count":0,"href":"https:\/\/proafed.com\/es\/wp-json\/wp\/v2\/posts\/14468\/revisions"}],"wp:featuredmedia":[{"embeddable":true,"href":"https:\/\/proafed.com\/es\/wp-json\/wp\/v2\/media\/14466"}],"wp:attachment":[{"href":"https:\/\/proafed.com\/es\/wp-json\/wp\/v2\/media?parent=14468"}],"wp:term":[{"taxonomy":"category","embeddable":true,"href":"https:\/\/proafed.com\/es\/wp-json\/wp\/v2\/categories?post=14468"},{"taxonomy":"post_tag","embeddable":true,"href":"https:\/\/proafed.com\/es\/wp-json\/wp\/v2\/tags?post=14468"}],"curies":[{"name":"wp","href":"https:\/\/api.w.org\/{rel}","templated":true}]}}