{"id":14579,"date":"2023-10-10T12:22:23","date_gmt":"2023-10-10T12:22:23","guid":{"rendered":"https:\/\/proafed.com\/?p=14579"},"modified":"2023-10-10T13:40:21","modified_gmt":"2023-10-10T13:40:21","slug":"formacion-continua-para-un-sector-en-constante-evolucion","status":"publish","type":"post","link":"https:\/\/proafed.com\/es\/formacion-continua-para-un-sector-en-constante-evolucion\/","title":{"rendered":"Formaci\u00f3n continua para un sector en constante evoluci\u00f3n"},"content":{"rendered":"<p>En 2019 PROA, junto con la Universidad Blanquerna-Ramon Llull, inici\u00f3 una nueva propuesta de formaci\u00f3n continua para profesionales: el M\u00e1ster de Producci\u00f3n Ejecutiva Audiovisual. Bajo la direcci\u00f3n de Paco Escribano y Francesc Vilallonga, y con el asesoramiento a nivel de estructura y contenidos de Raimon Masllorens, entonces presidente de PROA, arranc\u00f3 la primera edici\u00f3n, con 16 alumnos, que tuvieron que surfear la ola de la pandemia.<\/p>\n<p>El pr\u00f3ximo 16 de octubre arranca la 5\u00aa edici\u00f3n del m\u00e1ster, desde el a\u00f1o pasado bajo la direcci\u00f3n de Judit Colell y servidora, de nuevo con 16 alumnos.<\/p>\n<p>En este tiempo, ya son 50 los y las estudiantes que han pasado por el m\u00e1ster y con satisfacci\u00f3n podemos decir que la mayor\u00eda est\u00e1n trabajando en el sector, muchos en empresas socias de PROA.<\/p>\n<p>Un r\u00e1pido vistazo a las cuatro ediciones pasadas hace ver lo importante que es la educaci\u00f3n y la formaci\u00f3n continua en nuestro sector. Los nuevos modelos de distribuci\u00f3n, los derechos VOD, la nueva configuraci\u00f3n del mercado televisivo y la constante evoluci\u00f3n de las plataformas de <em>streaming<\/em>, los nuevos modelos de financiaci\u00f3n y formatos, la incursi\u00f3n de las series, tanto de ficci\u00f3n como de documental, la sostenibilidad en los planes de rodaje y la producci\u00f3n, o la diversidad y la lucha contra los estereotipos son ahora elementos estructurales.<\/p>\n<p>El m\u00e1ster plantea un programa que vela por que no s\u00f3lo los j\u00f3venes reci\u00e9n graduados, sino todos los profesionales en activo, recordemos que nuestro sector es tan vivo, cambiante y permeable como la sociedad que le rodea. Y al mismo tiempo, estrat\u00e9gico como ning\u00fan otro en la construcci\u00f3n de imaginarios integradores, velando por el respeto mutuo, por la tolerancia hacia la diferencia y por preservar nuestra cultura. Todo ello incorporando nuevos formatos y lenguajes que resulten en un audiovisual rico, con contenidos que interpelen a las generaciones j\u00f3venes y no tan j\u00f3venes.<\/p>\n","protected":false},"excerpt":{"rendered":"<p>En 2019 PROA, junto con la Universidad Blanquerna-Ramon Llull, inici\u00f3 una nueva propuesta de formaci\u00f3n continua para profesionales: el M\u00e1ster de Producci\u00f3n Ejecutiva Audiovisual. Bajo la direcci\u00f3n de Paco Escribano y Francesc Vilallonga, y con el asesoramiento a nivel de estructura y contenidos de Raimon Masllorens, entonces presidente de PROA, arranc\u00f3 la primera edici\u00f3n, con 16 alumnos, que tuvieron que surfear la ola de la pandemia.<br \/>\nEl pr\u00f3ximo 16 de octubre arranca la 5\u00aa edici\u00f3n del m\u00e1ster, desde el a\u00f1o pasado bajo la direcci\u00f3n de Judit Colell y servidora, de nuevo con 16 alumnos.<br \/>\nEn este tiempo, ya son 50 los y las estudiantes que han pasado por el m\u00e1ster y con satisfacci\u00f3n podemos decir que la mayor\u00eda est\u00e1n trabajando en el sector, muchos en empresas socias de PROA.<br \/>\nUn r\u00e1pido vistazo a las cuatro ediciones pasadas hace ver lo importante que es la educaci\u00f3n y la formaci\u00f3n continua en nuestro sector. Los nuevos modelos de distribuci\u00f3n, los derechos VOD, la nueva configuraci\u00f3n del mercado televisivo y la constante evoluci\u00f3n de las plataformas de streaming, los nuevos modelos de financiaci\u00f3n y formatos, la incursi\u00f3n de las series, tanto de ficci\u00f3n como de documental, la sostenibilidad en los planes de rodaje y la producci\u00f3n, o la diversidad y la lucha contra los estereotipos son ahora elementos estructurales.<br \/>\nEl m\u00e1ster plantea un programa que vela por que no s\u00f3lo los j\u00f3venes reci\u00e9n graduados, sino todos los profesionales en activo, recordemos que nuestro sector es tan vivo, cambiante y permeable como la sociedad que le rodea. Y al mismo tiempo, estrat\u00e9gico como ning\u00fan otro en la construcci\u00f3n de imaginarios integradores, velando por el respeto mutuo, por la tolerancia hacia la diferencia y por preservar nuestra cultura. Todo ello incorporando nuevos formatos y lenguajes que resulten en un audiovisual rico, con contenidos que interpelen a las generaciones j\u00f3venes y no tan j\u00f3venes.<\/p>\n","protected":false},"author":90,"featured_media":14577,"comment_status":"open","ping_status":"open","sticky":false,"template":"","format":"standard","meta":{"_acf_changed":false,"inline_featured_image":false,"footnotes":""},"categories":[115],"tags":[],"class_list":["post-14579","post","type-post","status-publish","format-standard","has-post-thumbnail","hentry","category-proa-es"],"acf":[],"_links":{"self":[{"href":"https:\/\/proafed.com\/es\/wp-json\/wp\/v2\/posts\/14579","targetHints":{"allow":["GET"]}}],"collection":[{"href":"https:\/\/proafed.com\/es\/wp-json\/wp\/v2\/posts"}],"about":[{"href":"https:\/\/proafed.com\/es\/wp-json\/wp\/v2\/types\/post"}],"author":[{"embeddable":true,"href":"https:\/\/proafed.com\/es\/wp-json\/wp\/v2\/users\/90"}],"replies":[{"embeddable":true,"href":"https:\/\/proafed.com\/es\/wp-json\/wp\/v2\/comments?post=14579"}],"version-history":[{"count":0,"href":"https:\/\/proafed.com\/es\/wp-json\/wp\/v2\/posts\/14579\/revisions"}],"wp:featuredmedia":[{"embeddable":true,"href":"https:\/\/proafed.com\/es\/wp-json\/wp\/v2\/media\/14577"}],"wp:attachment":[{"href":"https:\/\/proafed.com\/es\/wp-json\/wp\/v2\/media?parent=14579"}],"wp:term":[{"taxonomy":"category","embeddable":true,"href":"https:\/\/proafed.com\/es\/wp-json\/wp\/v2\/categories?post=14579"},{"taxonomy":"post_tag","embeddable":true,"href":"https:\/\/proafed.com\/es\/wp-json\/wp\/v2\/tags?post=14579"}],"curies":[{"name":"wp","href":"https:\/\/api.w.org\/{rel}","templated":true}]}}