{"id":14606,"date":"2023-10-17T14:17:26","date_gmt":"2023-10-17T14:17:26","guid":{"rendered":"https:\/\/proafed.com\/?p=14606"},"modified":"2023-10-17T14:19:45","modified_gmt":"2023-10-17T14:19:45","slug":"el-factor-local","status":"publish","type":"post","link":"https:\/\/proafed.com\/es\/el-factor-local\/","title":{"rendered":"El factor local"},"content":{"rendered":"<p>Todo el mundo vive en una localidad, sea una ciudad \u2013peque\u00f1a, mediana, grande- o en un pueblo \u2013micro, peque\u00f1o o mediano-. O en una gran urbe. Pero el 99% de la gente vive en un lugar junto con otros persones; de n\u00f3madas a estas alturas de la pel\u00edcula bien pocos hay en Catalu\u00f1a. En estos lugares, poco o mucho, hay tambi\u00e9n instituciones, instituciones p\u00fablicas que velan por las necesidades de sus ciudadanos. Seguramente estas se piensan a s\u00ed mismas con necesidades m\u00e1s perentorias que la subvenci\u00f3n del audiovisual, pero tambi\u00e9n es verdad que estas \u201cpeque\u00f1as\u201d instituciones \u2013sean ayuntamientos, consejos comarcales, consorcios de varios ayuntamientos- acostumbran a tener presupuestos, aunque sean peque\u00f1os, aunque no siempre. Pongo un ejemplo: consorcios de promoci\u00f3n tur\u00edstica, unos entes cada vez m\u00e1s en boga, dedicados a la promoci\u00f3n de un lugar, de un monumento, de una zona del territorio.<\/p>\n<p>A menudo, los que nos dedicamos a este negocio de la producci\u00f3n audiovisual pensamos enseguida en las grandes instituciones p\u00fablicas y privadas que hay en Catalu\u00f1a o en Espa\u00f1a, pero tambi\u00e9n en la Uni\u00f3n Europea y sus m\u00faltiples ramificaciones y entidades paralelas. Y hacemos bien, de hacerlo. Pero una cosa no quita a la otra, y sigue habiendo otros muchos espacios donde intentar vender nuestros productos, a condici\u00f3n de que estos tengan alguna vinculaci\u00f3n.<\/p>\n<p>Lejos de ser un impedimento, pienso, esto se puede tratar de una forma totalmente org\u00e1nica. Igual que todos nosotros, como dec\u00eda al inicio, vivimos en una localidad, tambi\u00e9n nuestras historias surgen a partir de personajes que viven en lugares concretos. Quiz\u00e1s s\u00ed que un d\u00eda hagamos un documental sobre la trashumancia y los campesinos que llevan a cabo esta pr\u00e1ctica, pero en general seguimos a personas que viven en un lugar, mejor o peor, pero que est\u00e1n vinculados. De la misma forma que hablamos de ellos, tambi\u00e9n hablamos de sus entornos, de su localidad, de su territorio. Y es as\u00ed que puede aparecer la ecuaci\u00f3n de \u201cpersonas de un territorio, posible financiaci\u00f3n vinculada a este territorio\u201d.<\/p>\n<p>Es solo una posibilidad, a menudo complementaria, a la hora de levantar nuestras producciones. No pretendo descubrir la sopa de ajo, pero me consta que hay todav\u00eda muchos caminos para explorar en este entorno local y en sus estructuras de apoyo a nivel supramunicipal.<\/p>\n","protected":false},"excerpt":{"rendered":"<p>Art\u00edculo de Joan Salicr\u00fa, productor en Clack, para el InfoPROA del 17 de octubre de 2023<\/p>\n","protected":false},"author":90,"featured_media":14712,"comment_status":"open","ping_status":"open","sticky":false,"template":"","format":"standard","meta":{"_acf_changed":false,"inline_featured_image":false,"footnotes":""},"categories":[114],"tags":[],"class_list":["post-14606","post","type-post","status-publish","format-standard","has-post-thumbnail","hentry","category-prodocs-es"],"acf":[],"_links":{"self":[{"href":"https:\/\/proafed.com\/es\/wp-json\/wp\/v2\/posts\/14606","targetHints":{"allow":["GET"]}}],"collection":[{"href":"https:\/\/proafed.com\/es\/wp-json\/wp\/v2\/posts"}],"about":[{"href":"https:\/\/proafed.com\/es\/wp-json\/wp\/v2\/types\/post"}],"author":[{"embeddable":true,"href":"https:\/\/proafed.com\/es\/wp-json\/wp\/v2\/users\/90"}],"replies":[{"embeddable":true,"href":"https:\/\/proafed.com\/es\/wp-json\/wp\/v2\/comments?post=14606"}],"version-history":[{"count":0,"href":"https:\/\/proafed.com\/es\/wp-json\/wp\/v2\/posts\/14606\/revisions"}],"wp:featuredmedia":[{"embeddable":true,"href":"https:\/\/proafed.com\/es\/wp-json\/wp\/v2\/media\/14712"}],"wp:attachment":[{"href":"https:\/\/proafed.com\/es\/wp-json\/wp\/v2\/media?parent=14606"}],"wp:term":[{"taxonomy":"category","embeddable":true,"href":"https:\/\/proafed.com\/es\/wp-json\/wp\/v2\/categories?post=14606"},{"taxonomy":"post_tag","embeddable":true,"href":"https:\/\/proafed.com\/es\/wp-json\/wp\/v2\/tags?post=14606"}],"curies":[{"name":"wp","href":"https:\/\/api.w.org\/{rel}","templated":true}]}}