{"id":15016,"date":"2023-12-27T09:40:50","date_gmt":"2023-12-27T09:40:50","guid":{"rendered":"https:\/\/proafed.com\/?p=15016"},"modified":"2023-12-27T09:44:37","modified_gmt":"2023-12-27T09:44:37","slug":"un-2024-intensisimo","status":"publish","type":"post","link":"https:\/\/proafed.com\/es\/un-2024-intensisimo\/","title":{"rendered":"Un 2024 intens\u00edsimo"},"content":{"rendered":"<p>\u00a1Felices fiestas! Aprovech\u00e9moslas bien, que 2024 arrancar\u00e1 pronto y se divisa intens\u00edsimo. Hemos cerrado el a\u00f1o reuni\u00e9ndonos con la consellera de Cultura Nat\u00e0lia Garriga para plantearle el listado de agravios y reivindicaciones que desde PROA hacemos a la CCMA. Esta reuni\u00f3n se enmarca en una rueda de encuentros para tratar de resolver de una vez por todas el menoscabo de la Corporaci\u00f3 Catalana de Mitjans Audiovisuals hacia la producci\u00f3n independiente y que resumimos en tres ejes:<\/p>\n<p><strong>&#8211; Econ\u00f3micos<\/strong>: condiciona y penaliza el crecimiento y la competitividad de las productoras audiovisuales.<\/p>\n<p><strong>&#8211; Derechos<\/strong>: ningunea la creatividad catalana, limita la propiedad intelectual y la explotaci\u00f3n derivada de la producci\u00f3n original, perjudicando el crecimiento y su proyecci\u00f3n internacional.<\/p>\n<p><strong>&#8211; Procedimientos<\/strong>: no se aplican los principios de igualdad, transparencia y concurrencia, generando agravios comparativos en el sector.<\/p>\n<p>Basta. Es hora de enderezar las cosas y lucharemos para que as\u00ed sea.<\/p>\n<p>Pero no ser\u00e1 la \u00fanica batalla de este 2024. A nivel estatal estamos presionando para acelerar la tramitaci\u00f3n de la nueva Ley del Cine que tanta falta nos hace. Tenemos que estar especialmente atentos para evitar que haya alg\u00fan cambio de \u00faltima hora que ponga de nuevo la producci\u00f3n independiente contra las cuerdas como ya pas\u00f3 con la LGCA. Sobre esta cuesti\u00f3n hemos hablado tanto con el ministro Urtasun como con el secretario de Cultura Jordi Mart\u00ed y el director del ICAA, Ignasi Cam\u00f3s. Los tres aseguran que est\u00e1n por la labor de respetar nuestras posiciones. Pero no depende solo de ellos y la situaci\u00f3n pol\u00edtica actual hace que lo tengamos que analizar todo con lupa y extremar el celo.<\/p>\n<p>No quiero cerrar este breve texto sin daros las gracias a todos los socios que a lo largo del a\u00f1o hab\u00e9is participado de manera activa en los encuentros, actos, comisiones de trabajo y todas las actividades que se han organizado desde la Federaci\u00f3n o cada una de nuestras asociaciones. Vosotros sois el esp\u00edritu de PROA, vosotros sois PROA. \u00a1Muchas gracias y felices fiestas!<\/p>\n","protected":false},"excerpt":{"rendered":"<p>Art\u00edculo de Jordi B. Oliva, presidente de PROA, para el InfoPROA del 27 de diciembre de 2023<\/p>\n","protected":false},"author":90,"featured_media":3588,"comment_status":"open","ping_status":"open","sticky":false,"template":"","format":"standard","meta":{"_acf_changed":false,"inline_featured_image":false,"footnotes":""},"categories":[115],"tags":[],"class_list":["post-15016","post","type-post","status-publish","format-standard","has-post-thumbnail","hentry","category-proa-es"],"acf":[],"_links":{"self":[{"href":"https:\/\/proafed.com\/es\/wp-json\/wp\/v2\/posts\/15016","targetHints":{"allow":["GET"]}}],"collection":[{"href":"https:\/\/proafed.com\/es\/wp-json\/wp\/v2\/posts"}],"about":[{"href":"https:\/\/proafed.com\/es\/wp-json\/wp\/v2\/types\/post"}],"author":[{"embeddable":true,"href":"https:\/\/proafed.com\/es\/wp-json\/wp\/v2\/users\/90"}],"replies":[{"embeddable":true,"href":"https:\/\/proafed.com\/es\/wp-json\/wp\/v2\/comments?post=15016"}],"version-history":[{"count":0,"href":"https:\/\/proafed.com\/es\/wp-json\/wp\/v2\/posts\/15016\/revisions"}],"wp:featuredmedia":[{"embeddable":true,"href":"https:\/\/proafed.com\/es\/wp-json\/wp\/v2\/media\/3588"}],"wp:attachment":[{"href":"https:\/\/proafed.com\/es\/wp-json\/wp\/v2\/media?parent=15016"}],"wp:term":[{"taxonomy":"category","embeddable":true,"href":"https:\/\/proafed.com\/es\/wp-json\/wp\/v2\/categories?post=15016"},{"taxonomy":"post_tag","embeddable":true,"href":"https:\/\/proafed.com\/es\/wp-json\/wp\/v2\/tags?post=15016"}],"curies":[{"name":"wp","href":"https:\/\/api.w.org\/{rel}","templated":true}]}}