{"id":15378,"date":"2024-02-27T15:21:10","date_gmt":"2024-02-27T15:21:10","guid":{"rendered":"https:\/\/proafed.com\/?p=15378"},"modified":"2024-02-28T09:34:36","modified_gmt":"2024-02-28T09:34:36","slug":"premios-prodocs-11-edicion","status":"publish","type":"post","link":"https:\/\/proafed.com\/es\/premios-prodocs-11-edicion\/","title":{"rendered":"Convocatoria abierta para los 11os Premios ProDocs a las mejores producciones documentales para TV y plataformas"},"content":{"rendered":"<p>La Asociaci\u00f3n de Productores de Documentales, ProDocs, busca los mejores documentales espa\u00f1oles emitidos en TV y\/o plataformas durante el a\u00f1o 2023. La <strong><a href=\"https:\/\/proafed.com\/new\/wp-content\/uploads\/2024\/02\/Bases-Premios-ProDocs-ES.pdf\" target=\"_blank\" rel=\"noopener\">onceava edici\u00f3n de los Premios ProDocs<\/a><\/strong>, que abre convocatoria entre el 27 de febrero y el 17 de marzo, mantendr\u00e1 dos modalidades de participaci\u00f3n: una para el mejor documental unitario, con una duraci\u00f3n m\u00ednima de 50 minutos, y otra para la mejor serie documental, con una duraci\u00f3n m\u00ednima de 45 minutos por cap\u00edtulo.<\/p>\n<p>Podr\u00e1n optar al galard\u00f3n las obras producidas en Espa\u00f1a por productoras independientes, canales de televisi\u00f3n o plataformas con sede en el Estado espa\u00f1ol. Deber\u00e1n ser documentales producidos para su emisi\u00f3n en TV y\/o plataformas durante el a\u00f1o 2023 y que no tengan una versi\u00f3n de largometraje estrenada en salas ni prevista hasta la fecha de entrega del premio.<\/p>\n<p>El jurado estar\u00e1 compuesto por el conjunto de miembros asociados a ProDocs, quienes elegir\u00e1n el mejor documental unitario y la mejor serie documental. Ambos ganadores se dar\u00e1n a conocer durante la ceremonia de clausura del festival DocsBarcelona, que tendr\u00e1 lugar el pr\u00f3ximo 11 de mayo.<\/p>\n<p>Tras once a\u00f1os de celebraci\u00f3n, los Premios ProDocs cuentan con un palmar\u00e9s formado por obras de \u00e9xito: <em>Tarradellas, govern d\u2019unitat<\/em> (Clack y Minimal Films) y <em>Espa\u00f1a, el siglo XX<\/em> (RTVE con Minoria Absoluta) en la pasada edici\u00f3n; <em>El caso Wanninkhof-Carabantes<\/em> (Brutal Media) y <em>Terres de cinema<\/em> (L\u2019Andana Audiovisual, Lof Media y \u00c0 Punt) en 2022; <em>Dictadura, divises i biquinis<\/em> (Lastor Media con TVE) en 2021; <em>\u00c9s a l\u2019aire<\/em>, (Un Capricho de Producciones) en 2020; <em>Lladres de temps<\/em> (Polar Star Films) en 2019; <em>Las cloacas de Interior<\/em> (Mediapro) en 2018; <em>Muerte en Le\u00f3n<\/em> (JWProductions) en 2017; <em>Las Sinsombrero<\/em> (Introp\u00eda Media) en 2016; <em>El gran Silenci. Horta de Sant Joan<\/em> (Brutal Media) en 2015, y <em>Dem\u00e0 morir\u00e9<\/em> (JWProductions) en 2014.<\/p>\n<p><strong>Informaci\u00f3n pr\u00e1ctica: <\/strong><\/p>\n<p><a href=\"https:\/\/proafed.com\/new\/wp-content\/uploads\/2024\/02\/Bases-Premios-ProDocs-ES.pdf\">Bases en castellano<\/a><\/p>\n<p><a href=\"https:\/\/proafed.com\/new\/wp-content\/uploads\/2024\/02\/Bases-Premis-ProDocs-CAT.pdf\">Bases en catal\u00e1n<\/a><\/p>\n<p><a href=\"https:\/\/forms.gle\/Sb7JbZy1VVXv1XcYA\">Ficha de inscripci\u00f3n<\/a><\/p>\n","protected":false},"excerpt":{"rendered":"<p>Llegan los Premios ProDocs, que llegan a su onceava edici\u00f3n<\/p>\n","protected":false},"author":90,"featured_media":15373,"comment_status":"open","ping_status":"open","sticky":false,"template":"","format":"standard","meta":{"_acf_changed":false,"inline_featured_image":false,"footnotes":""},"categories":[114],"tags":[],"class_list":["post-15378","post","type-post","status-publish","format-standard","has-post-thumbnail","hentry","category-prodocs-es"],"acf":[],"_links":{"self":[{"href":"https:\/\/proafed.com\/es\/wp-json\/wp\/v2\/posts\/15378","targetHints":{"allow":["GET"]}}],"collection":[{"href":"https:\/\/proafed.com\/es\/wp-json\/wp\/v2\/posts"}],"about":[{"href":"https:\/\/proafed.com\/es\/wp-json\/wp\/v2\/types\/post"}],"author":[{"embeddable":true,"href":"https:\/\/proafed.com\/es\/wp-json\/wp\/v2\/users\/90"}],"replies":[{"embeddable":true,"href":"https:\/\/proafed.com\/es\/wp-json\/wp\/v2\/comments?post=15378"}],"version-history":[{"count":0,"href":"https:\/\/proafed.com\/es\/wp-json\/wp\/v2\/posts\/15378\/revisions"}],"wp:featuredmedia":[{"embeddable":true,"href":"https:\/\/proafed.com\/es\/wp-json\/wp\/v2\/media\/15373"}],"wp:attachment":[{"href":"https:\/\/proafed.com\/es\/wp-json\/wp\/v2\/media?parent=15378"}],"wp:term":[{"taxonomy":"category","embeddable":true,"href":"https:\/\/proafed.com\/es\/wp-json\/wp\/v2\/categories?post=15378"},{"taxonomy":"post_tag","embeddable":true,"href":"https:\/\/proafed.com\/es\/wp-json\/wp\/v2\/tags?post=15378"}],"curies":[{"name":"wp","href":"https:\/\/api.w.org\/{rel}","templated":true}]}}