{"id":15497,"date":"2024-03-27T15:53:19","date_gmt":"2024-03-27T15:53:19","guid":{"rendered":"https:\/\/proafed.com\/?p=15497"},"modified":"2024-03-27T16:02:53","modified_gmt":"2024-03-27T16:02:53","slug":"un-retroceso-presupuestario-para-el-sector-audiovisual","status":"publish","type":"post","link":"https:\/\/proafed.com\/es\/un-retroceso-presupuestario-para-el-sector-audiovisual\/","title":{"rendered":"Un retroceso presupuestario para el sector audiovisual"},"content":{"rendered":"<p>Desde la Federaci\u00f3n de Productoras Audiovisuales (PROA) queremos poner de manifiesto el desencanto que ha provocado en el sector el hecho de no haber podido remontar una situaci\u00f3n negativa que venimos arrastrando desde la crisis de 2008. Los presupuestos de 2024 planteados por el govern de la Generalitat ten\u00edan que ser un avance muy importante para la cultura en general y nuestra industria en particular, pero la no aprobaci\u00f3n y el final repentino de la legislatura nos dejan en un limbo que genera incertidumbre y preocupaci\u00f3n.<\/p>\n<p>El presupuesto previsto para Cultura era el m\u00e1s ambicioso de la historia: 566 M\u20ac que nos habr\u00edan situado en un 1,7% sobre el presupuesto total y nos habr\u00edan puesto en el camino del 2% para el final de la legislatura, que es el hito que nos hab\u00edamos marcado desde la plataforma Actua Cultura de la cual forma parte PROA. La dimensi\u00f3n de esta cifra se hace patente si la comparamos con la de 2014, que fue de 225,7 M\u20ac. El presupuesto para el audiovisual habr\u00eda sido de 56,3 M\u20ac, de los cuales 35,5 millones (un 17,7% m\u00e1s) se centrar\u00edan en la producci\u00f3n propia.<\/p>\n<p>Por lo tanto, hemos dado un paso atr\u00e1s. No aprobar los presupuestos de la Generalitat significa que este a\u00f1o 2024 nos atenderemos a un presupuesto prorrogado. Esto quiere decir que, de entrada, solo disponemos de las dotaciones del punto de partida de 2023, no del que se acab\u00f3 ejecutando. Es decir que, en la l\u00ednea de largometrajes de ficci\u00f3n, por ejemplo, partimos de los 9 M\u20ac y no de los 15 M\u20ac que se acabaron invirtiendo el a\u00f1o pasado. La cifra prevista en los presupuestos de 2024 era de 16,2 M\u20ac.<\/p>\n<p>A pesar de que avanzar las elecciones no afecta el calendario de convocatorias de las l\u00edneas de ayuda, que mantienen la misma previsi\u00f3n de fechas, s\u00ed que altera el calendario de acciones que tienen que pasar por el Parlament, como es por ejemplo la aprobaci\u00f3n de la Llei de Comunicaci\u00f3 Audiovisual de Catalunya, que queda nuevamente pospuesta, la Llei dels Drets Culturals o el reconocimiento de la Filmoteca como ente independiente vinculado directamente a la conselleria de Cultura. Hay que recordar, adem\u00e1s, que la CCMA se mantendr\u00e1 con el mismo presupuesto insuficiente.<\/p>\n<p><strong>Paralizaci\u00f3n en el Estado espa\u00f1ol<\/strong><\/p>\n<p>El efecto domin\u00f3 de la no aprobaci\u00f3n de los presupuestos catalanes ha hecho que se pare la negociaci\u00f3n de los presupuestos generales del Estado y que, por lo tanto, tambi\u00e9n tengamos presupuestos prorrogados. Desde PROA consideramos que las repercusiones para el ICAA pueden ser terribles, puesto que la convocatoria tard\u00eda de las l\u00edneas de ayudas a finales del a\u00f1o pasado supuso que parte del presupuesto no se pudiera ejecutar y que, por lo tanto, se aplique este 2024. Esto significa que dispondremos de 40 M\u20ac menos, porque es una cantidad ya comprometida.<\/p>\n<p>Tambi\u00e9n hay incertidumbre sobre qu\u00e9 pasar\u00e1 con las partidas variables que desde el Estado se reparten a las comunidades aut\u00f3nomas en funci\u00f3n de la disponibilidad econ\u00f3mica de cada a\u00f1o, como son por ejemplo el llamado \u201cfondillo\u201d, y las ayudas para laboratorios y desarrollo, as\u00ed como para exhibici\u00f3n en salas cinematogr\u00e1ficas.<\/p>\n<p>Tenemos el compromiso de la administraci\u00f3n de hacer lo posible por acercarnos a lo que estaba previsto en el nuevo presupuesto. As\u00ed pues, PROA luchar\u00e1 en todos los frentes posibles para mejorar la situaci\u00f3n presupuestaria inicial de este 2024.<\/p>\n<p>Est\u00e1 en juego que no retrocedamos en los avances que ha conseguido el audiovisual catal\u00e1n los \u00faltimos a\u00f1os. Unos avances que no han sido fruto de la casualidad ni de la excepci\u00f3n, sino de una apuesta de pa\u00eds que implica a la Administraci\u00f3n, al tejido industrial y a una hornada de profesionales a los que tenemos que dar alas. <em>Robot Dreams<\/em> pisando la alfombra roja de los Oscars, <em>Alcarr\u00e0s<\/em> coron\u00e1ndose en la <em>Berlinale<\/em> o <em>Aix\u00f2 no \u00e9s Su\u00e8cia<\/em> obteniendo el Prix Europa 2023 a mejor serie son claros ejemplos de ello.<\/p>\n<p>Nos jugamos mucho.<\/p>\n","protected":false},"excerpt":{"rendered":"<p>Desde la Federaci\u00f3n de Productoras Audiovisuales (PROA) queremos poner de manifiesto el desencanto que ha provocado en el sector el hecho de no haber podido remontar una situaci\u00f3n negativa que venimos arrastrando desde la crisis de 2008. Los presupuestos de 2024 planteados por el govern de la Generalitat ten\u00edan que ser un avance muy importante&#8230; <a class=\"excerpt-read-more\" href=\"https:\/\/proafed.com\/es\/un-retroceso-presupuestario-para-el-sector-audiovisual\/\" title=\"Un retroceso presupuestario para el sector audiovisual\">Read more \u00bb<\/a><\/p>\n","protected":false},"author":90,"featured_media":15503,"comment_status":"open","ping_status":"open","sticky":false,"template":"","format":"standard","meta":{"_acf_changed":false,"inline_featured_image":false,"footnotes":""},"categories":[115],"tags":[],"class_list":["post-15497","post","type-post","status-publish","format-standard","has-post-thumbnail","hentry","category-proa-es"],"acf":[],"_links":{"self":[{"href":"https:\/\/proafed.com\/es\/wp-json\/wp\/v2\/posts\/15497","targetHints":{"allow":["GET"]}}],"collection":[{"href":"https:\/\/proafed.com\/es\/wp-json\/wp\/v2\/posts"}],"about":[{"href":"https:\/\/proafed.com\/es\/wp-json\/wp\/v2\/types\/post"}],"author":[{"embeddable":true,"href":"https:\/\/proafed.com\/es\/wp-json\/wp\/v2\/users\/90"}],"replies":[{"embeddable":true,"href":"https:\/\/proafed.com\/es\/wp-json\/wp\/v2\/comments?post=15497"}],"version-history":[{"count":0,"href":"https:\/\/proafed.com\/es\/wp-json\/wp\/v2\/posts\/15497\/revisions"}],"wp:featuredmedia":[{"embeddable":true,"href":"https:\/\/proafed.com\/es\/wp-json\/wp\/v2\/media\/15503"}],"wp:attachment":[{"href":"https:\/\/proafed.com\/es\/wp-json\/wp\/v2\/media?parent=15497"}],"wp:term":[{"taxonomy":"category","embeddable":true,"href":"https:\/\/proafed.com\/es\/wp-json\/wp\/v2\/categories?post=15497"},{"taxonomy":"post_tag","embeddable":true,"href":"https:\/\/proafed.com\/es\/wp-json\/wp\/v2\/tags?post=15497"}],"curies":[{"name":"wp","href":"https:\/\/api.w.org\/{rel}","templated":true}]}}