{"id":15746,"date":"2024-05-21T10:47:25","date_gmt":"2024-05-21T10:47:25","guid":{"rendered":"https:\/\/proafed.com\/?p=15746"},"modified":"2025-02-25T11:22:12","modified_gmt":"2025-02-25T11:22:12","slug":"afrontar-el-cambio","status":"publish","type":"post","link":"https:\/\/proafed.com\/es\/afrontar-el-cambio\/","title":{"rendered":"Afrontar el cambio"},"content":{"rendered":"<p>Hace unos meses, durante una comida de la asamblea, los socios y socias de ProTV sugirieron varias propuestas, demandas y soluciones para mejorar el tipo de relaci\u00f3n entre las productoras audiovisuales y la CCMA. El resultado fue el origen del documento de agravios que ahora se encuentra en un momento clave de la negociaci\u00f3n.<\/p>\n<p>Estamos a medio camino. Mezclando buenos augurios, algunos retrasos y una actitud de alerta atenta. Con ganas de avanzar, colaborar, incidir, dialogar. Construir, al fin y al cabo. Este es el ADN de ProTV que nos tiene que servir para encarar los nuevos desaf\u00edos que tenemos por delante.<\/p>\n<p>Ahora que Ferran Cera ha asumido el reto de presidir PROA, es para m\u00ed un honor coger el relevo en ProTV y continuar desarrollando el trabajo que \u00e9l y Paco Escribano nos han legado.<\/p>\n<p>Los retos son may\u00fasculos teniendo en cuenta el cruce en que se encuentra el audiovisual: nuevos modelos de producci\u00f3n en las plataformas, irrupci\u00f3n de la Inteligencia Artificial en la producci\u00f3n, concentraci\u00f3n de los agentes clave del mercado, consolidaci\u00f3n de las series documentales y de ficci\u00f3n como producciones de flujo, auge de la hibridaci\u00f3n de formatos, llegada del 3Cat&#8230; Todo ello oportunidades y envites que redibujan nuestro d\u00eda a d\u00eda.<\/p>\n<p>Hace falta que reinventemos ProTV y que nos proveamos de un plan estrat\u00e9gico a tres a\u00f1os vista para fortalecernos como sector ante el nuevo contexto. Con esta herramienta, una de las prioridades del nuevo mandato, podremos establecer l\u00edneas de trabajo, v\u00edas de colaboraci\u00f3n y nuevos horizontes.<\/p>\n<p>Todo ello mientras nos consolidamos como interlocutores ante los operadores p\u00fablicos y privados y las instituciones. Mientras nos cohesionamos para avanzar juntos mejorando el tablero de juego del sector. Y mientras persistimos proveyendo herramientas a nuestros socios para que puedan hacer crecer y evolucionar sus empresas audiovisuales.<\/p>\n<p>Quiero agradecer a Eug\u00e8nia Gin\u00e9 (vicepresidenta), Jaume Banacolocha (secretario), Guille Cascante (tesorero), Albert Pons (vocal) y Ferran Cera (vocal) que hagamos pi\u00f1a en este camino que hoy comenzamos. Nos esperan dos a\u00f1os intensos y alentadores.<\/p>\n<p>Deseadnos suerte.<\/p>\n","protected":false},"excerpt":{"rendered":"<p>Art\u00edculo de Marc Roma, presidente de ProTV, para el InfoPROA del 21 de mayo de 2024<\/p>\n","protected":false},"author":90,"featured_media":15744,"comment_status":"open","ping_status":"open","sticky":false,"template":"","format":"standard","meta":{"_acf_changed":false,"inline_featured_image":false,"footnotes":""},"categories":[116],"tags":[],"class_list":["post-15746","post","type-post","status-publish","format-standard","has-post-thumbnail","hentry","category-protv-es"],"acf":[],"_links":{"self":[{"href":"https:\/\/proafed.com\/es\/wp-json\/wp\/v2\/posts\/15746","targetHints":{"allow":["GET"]}}],"collection":[{"href":"https:\/\/proafed.com\/es\/wp-json\/wp\/v2\/posts"}],"about":[{"href":"https:\/\/proafed.com\/es\/wp-json\/wp\/v2\/types\/post"}],"author":[{"embeddable":true,"href":"https:\/\/proafed.com\/es\/wp-json\/wp\/v2\/users\/90"}],"replies":[{"embeddable":true,"href":"https:\/\/proafed.com\/es\/wp-json\/wp\/v2\/comments?post=15746"}],"version-history":[{"count":0,"href":"https:\/\/proafed.com\/es\/wp-json\/wp\/v2\/posts\/15746\/revisions"}],"wp:featuredmedia":[{"embeddable":true,"href":"https:\/\/proafed.com\/es\/wp-json\/wp\/v2\/media\/15744"}],"wp:attachment":[{"href":"https:\/\/proafed.com\/es\/wp-json\/wp\/v2\/media?parent=15746"}],"wp:term":[{"taxonomy":"category","embeddable":true,"href":"https:\/\/proafed.com\/es\/wp-json\/wp\/v2\/categories?post=15746"},{"taxonomy":"post_tag","embeddable":true,"href":"https:\/\/proafed.com\/es\/wp-json\/wp\/v2\/tags?post=15746"}],"curies":[{"name":"wp","href":"https:\/\/api.w.org\/{rel}","templated":true}]}}