{"id":15760,"date":"2024-05-28T10:25:06","date_gmt":"2024-05-28T10:25:06","guid":{"rendered":"https:\/\/proafed.com\/?p=15760"},"modified":"2024-05-28T10:26:29","modified_gmt":"2024-05-28T10:26:29","slug":"fiesta-si-lucha-tambien","status":"publish","type":"post","link":"https:\/\/proafed.com\/es\/fiesta-si-lucha-tambien\/","title":{"rendered":"Fiesta s\u00ed, lucha tambi\u00e9n"},"content":{"rendered":"<p>Ya hace unos d\u00edas de la edici\u00f3n 2024 del DocsBarcelona. Este art\u00edculo, sin embargo, no es para hacer balance, puesto que me har\u00eda falta m\u00e1s espacio, sino para reflexionar sobre nuestra participaci\u00f3n como productores asociados. Para empezar, hay que decir que podemos estar muy contentos de nuestra participaci\u00f3n en la que quiere ser la gran cita del documental del sur de Europa. Tanto en cuanto a los actos m\u00e1s l\u00fadicos como a los m\u00e1s formales.<\/p>\n<p>Empecemos por la diversi\u00f3n. La fiesta organizada por la asociaci\u00f3n fue uno de los puntos \u00e1lgidos del festival, todo el mundo estaba: productores, distribuidores, comissioning editors, directores, representantes de instituciones, etc. Son esos momentos m\u00e1gicos que sirven para hacer red y disfrutar de la comunidad <em>documentalera<\/em> en un ambiente relajado. Por cierto, creo que es el momento id\u00f3neo para entregar los premios de la asociaci\u00f3n, pero ese es otro debate. Volviendo a lo que quer\u00eda decir, un 10 para los organizadores de la fiesta, empezando por Raquel.<\/p>\n<p>Sobre los actos m\u00e1s formales, tambi\u00e9n creo que podemos estar muy orgullosos del trabajo hecho. Para el Catalan Forum conseguimos reunir a los responsables de las empresas, p\u00fablicas y privadas, y con sede en Catalu\u00f1a, que apuestan por el documental: 3Cat, TVE-Sant Cugat, XAL, Caixaforum+ y Filmin. La charla fue muy interesante y pudimos hacer las preguntas que hac\u00edan falta. La l\u00e1stima fue ver como el auditorio no estaba ni medio lleno, y eso me preocup\u00f3. \u00bfC\u00f3mo puede ser que teniendo estos ponentes no haya suficiente inter\u00e9s entre los productores catalanes para llenar todos los asientos de p\u00fablico?<\/p>\n<p>Las causas pueden ser m\u00faltiples y tener varios responsables (ProDocs, DocsBarcelona&#8230;). Ahora bien, como productores de documentales asociados a ProDocs, creo que nos hacemos un flaco favor cuando ante estos ponentes no entendemos la importancia de llenar todo el auditorio y hacer una demostraci\u00f3n de fuerza de la entidad. Estoy seguro de que todo el mundo tiene claro que la uni\u00f3n hace la fuerza, por eso existe ProDocs, pero creo que a veces habr\u00eda que dar un paso m\u00e1s para hacer visible esa fuerza, y el Catalan Forum era una de esas oportunidades.<\/p>\n<p>Pero no sufr\u00e1is (o s\u00ed); tal y como vamos, seguro que vendr\u00e1n m\u00e1s, y es obvio que perderemos todas estas batallas si cada cual hace la guerra por su cuenta y no entiende la importancia de ir unidos y demostrar que somos muchos empujando con unos mismos objetivos. No hay que decir que la fiesta la tenemos muy clara, ahora nos falta terminar de tener clara la lucha.<\/p>\n","protected":false},"excerpt":{"rendered":"<p>Art\u00edculo de Oriol Cortacans, productor ejecutivo en Abacus, para el InfoPROA del 28 de mayo<\/p>\n","protected":false},"author":90,"featured_media":15758,"comment_status":"open","ping_status":"open","sticky":false,"template":"","format":"standard","meta":{"_acf_changed":false,"inline_featured_image":false,"footnotes":""},"categories":[114],"tags":[],"class_list":["post-15760","post","type-post","status-publish","format-standard","has-post-thumbnail","hentry","category-prodocs-es"],"acf":[],"_links":{"self":[{"href":"https:\/\/proafed.com\/es\/wp-json\/wp\/v2\/posts\/15760","targetHints":{"allow":["GET"]}}],"collection":[{"href":"https:\/\/proafed.com\/es\/wp-json\/wp\/v2\/posts"}],"about":[{"href":"https:\/\/proafed.com\/es\/wp-json\/wp\/v2\/types\/post"}],"author":[{"embeddable":true,"href":"https:\/\/proafed.com\/es\/wp-json\/wp\/v2\/users\/90"}],"replies":[{"embeddable":true,"href":"https:\/\/proafed.com\/es\/wp-json\/wp\/v2\/comments?post=15760"}],"version-history":[{"count":0,"href":"https:\/\/proafed.com\/es\/wp-json\/wp\/v2\/posts\/15760\/revisions"}],"wp:featuredmedia":[{"embeddable":true,"href":"https:\/\/proafed.com\/es\/wp-json\/wp\/v2\/media\/15758"}],"wp:attachment":[{"href":"https:\/\/proafed.com\/es\/wp-json\/wp\/v2\/media?parent=15760"}],"wp:term":[{"taxonomy":"category","embeddable":true,"href":"https:\/\/proafed.com\/es\/wp-json\/wp\/v2\/categories?post=15760"},{"taxonomy":"post_tag","embeddable":true,"href":"https:\/\/proafed.com\/es\/wp-json\/wp\/v2\/tags?post=15760"}],"curies":[{"name":"wp","href":"https:\/\/api.w.org\/{rel}","templated":true}]}}