{"id":16236,"date":"2024-09-17T11:34:22","date_gmt":"2024-09-17T11:34:22","guid":{"rendered":"https:\/\/proafed.com\/?p=16236"},"modified":"2024-09-17T11:35:55","modified_gmt":"2024-09-17T11:35:55","slug":"sobre-la-importancia-de-ser-un-granito-de-arena","status":"publish","type":"post","link":"https:\/\/proafed.com\/es\/sobre-la-importancia-de-ser-un-granito-de-arena\/","title":{"rendered":"SOBRE LA IMPORTANCIA DE SER UN GRANITO DE ARENA"},"content":{"rendered":"<p>Esta \u00faltima temporada, me cuestiono mucho a m\u00ed misma sobre por qu\u00e9 me dedico a la producci\u00f3n de cine independiente. Estos \u00faltimos meses -por no decir a\u00f1os- la barbaridad de trabajo y exigencia es tan abrumadora que es dif\u00edcil no pregunt\u00e1rselo en profundidad. Por qu\u00e9 eleg\u00ed esta profesi\u00f3n, por qu\u00e9 no puedo imaginarme solt\u00e1ndola.<\/p>\n<p>Y la conclusi\u00f3n personal a la que estoy llegando es que creo que lo que me mantiene en esta inconmensurable, infinita y tit\u00e1nica tarea de hacer cine independiente es que sigue siendo un basti\u00f3n desde el cual contar historias nuevas y buscar un sentido diferente o propio. Con un lenguaje tan poderoso y con tanto alcance como lo es una pel\u00edcula. Unas veces sale mejor que otras -nunca sale como la pensamos y so\u00f1amos-, pero tenemos la incre\u00edble posibilidad de intentarlo. Tenemos voz en un momento de reescritura y b\u00fasqueda de referentes. Somos canal de expresi\u00f3n de nuevas formas y sentidos.<\/p>\n<p>As\u00ed me siento estos d\u00edas previos al Festival de San Sebasti\u00e1n, renovando la ilusi\u00f3n y la magia como si fuera el primer d\u00eda. Recordando que esas historias que contamos construyen imaginarios del mundo en el que vivimos, que el cine deja huella en las maneras de pensar. Por definici\u00f3n, nuestras pel\u00edculas son foto y documento de una sociedad en un momento dado.<\/p>\n<p>Me encuentro deseando que no perdamos ese derecho de acceso a diversidad de contenidos, que como productores que somos, podamos ejercer la producci\u00f3n con la mayor responsabilidad y herramientas posible. Que no perdamos esa b\u00fasqueda de identidad en la producci\u00f3n y que los algoritmos no nos quiten m\u00e1s terreno. Que para eso necesitamos financiaci\u00f3n y que cada vez es m\u00e1s dif\u00edcil.<\/p>\n<p>Conf\u00edo en que podamos seguir produciendo contenidos independientes que nos permitan aportar nuestro granito de arena para construir un mundo m\u00e1s plural y diverso.<\/p>\n","protected":false},"excerpt":{"rendered":"<p>Art\u00edculo de Fernanda del Nido, productora en Setembro Cine, para el InfoPROA del 17 de septiembre<\/p>\n","protected":false},"author":90,"featured_media":16234,"comment_status":"open","ping_status":"open","sticky":false,"template":"","format":"standard","meta":{"_acf_changed":false,"inline_featured_image":false,"footnotes":""},"categories":[123],"tags":[],"class_list":["post-16236","post","type-post","status-publish","format-standard","has-post-thumbnail","hentry","category-proficcio-es"],"acf":[],"_links":{"self":[{"href":"https:\/\/proafed.com\/es\/wp-json\/wp\/v2\/posts\/16236","targetHints":{"allow":["GET"]}}],"collection":[{"href":"https:\/\/proafed.com\/es\/wp-json\/wp\/v2\/posts"}],"about":[{"href":"https:\/\/proafed.com\/es\/wp-json\/wp\/v2\/types\/post"}],"author":[{"embeddable":true,"href":"https:\/\/proafed.com\/es\/wp-json\/wp\/v2\/users\/90"}],"replies":[{"embeddable":true,"href":"https:\/\/proafed.com\/es\/wp-json\/wp\/v2\/comments?post=16236"}],"version-history":[{"count":0,"href":"https:\/\/proafed.com\/es\/wp-json\/wp\/v2\/posts\/16236\/revisions"}],"wp:featuredmedia":[{"embeddable":true,"href":"https:\/\/proafed.com\/es\/wp-json\/wp\/v2\/media\/16234"}],"wp:attachment":[{"href":"https:\/\/proafed.com\/es\/wp-json\/wp\/v2\/media?parent=16236"}],"wp:term":[{"taxonomy":"category","embeddable":true,"href":"https:\/\/proafed.com\/es\/wp-json\/wp\/v2\/categories?post=16236"},{"taxonomy":"post_tag","embeddable":true,"href":"https:\/\/proafed.com\/es\/wp-json\/wp\/v2\/tags?post=16236"}],"curies":[{"name":"wp","href":"https:\/\/api.w.org\/{rel}","templated":true}]}}