{"id":16496,"date":"2024-10-29T09:18:55","date_gmt":"2024-10-29T09:18:55","guid":{"rendered":"https:\/\/proafed.com\/?p=16496"},"modified":"2024-10-29T09:20:23","modified_gmt":"2024-10-29T09:20:23","slug":"la-escuela-del-30-minuts","status":"publish","type":"post","link":"https:\/\/proafed.com\/es\/la-escuela-del-30-minuts\/","title":{"rendered":"La escuela del &#8217;30 Minuts&#8217;"},"content":{"rendered":"<p>En la \u00e9poca pre-digital, pre-4K y pre-TV conectadas, cuando una tele se quedaba sin se\u00f1al, la pantalla se llenaba de &#8220;nieve&#8221;. Si pasaba eso, todo el mundo sab\u00eda que la soluci\u00f3n era dar un golpe fuerte y seco al aparato, a ver si as\u00ed se solucionaba o, si no, con resignaci\u00f3n, asum\u00edamos que el problema &#8220;era de ellos&#8221;. La noche del 19 de octubre de hoy hace cuarenta a\u00f1os, cuando hac\u00eda pocos meses que TV3 hab\u00eda empezado a emitir, despu\u00e9s del <em>TN Vespre<\/em>, de repente, las pantallas se llenaron de &#8220;nieve&#8221;. Fue solo un segundo, unos instantes de desconcierto&#8230; Y s\u00ed, no hab\u00eda duda, aquello &#8220;era de ellos&#8221;. Aquella nieve no obedec\u00eda a ning\u00fan fallo t\u00e9cnico, sino que fue una genialidad del realizador Joan \u00dabeda, que hab\u00eda dise\u00f1ado la rompedora y original careta, con &#8220;nieve&#8221; de arranque, de un programa de reportajes que comenzaba aquella noche: el <em>30 Minuts<\/em>.<\/p>\n<p>Cuarenta a\u00f1os despu\u00e9s, este domingo, en una noche especial, TV3 ha querido rendir homenaje a un programa que ha hecho historia y que ha creado escuela. Un programa que se ha mantenido todo este tiempo en parrilla y en <em>prime time<\/em>. Toda una heroicidad por parte del programa y toda una declaraci\u00f3n de principios por parte de una cadena que se define por su voluntad de servicio p\u00fablico.<\/p>\n<p>En ese programa especial se dio protagonismo a los profesionales que han pasado a lo largo de estos a\u00f1os por el <em>30 Minuts<\/em> y que hemos aprendido a hacer televisi\u00f3n gracias a esta experiencia. Yo tuve la suerte de formar parte del equipo inicial. \u00c9ramos ocho personas y nos hicimos una foto que fue comentada en el programa especial.<\/p>\n<img decoding=\"async\" class=\"size-medium wp-image-16492 aligncenter\" src=\"https:\/\/proafed.com\/new\/wp-content\/uploads\/2024\/10\/30-minuts-300x210.jpg\" alt=\"\" width=\"300\" height=\"210\" srcset=\"https:\/\/proafed.com\/new\/wp-content\/uploads\/2024\/10\/30-minuts-300x210.jpg 300w, https:\/\/proafed.com\/new\/wp-content\/uploads\/2024\/10\/30-minuts-768x538.jpg 768w, https:\/\/proafed.com\/new\/wp-content\/uploads\/2024\/10\/30-minuts.jpg 1000w\" sizes=\"(max-width: 300px) 100vw, 300px\" \/>\n<p>Cuando termin\u00f3 la emisi\u00f3n, Joan Gonz\u00e1lez, otro miembro de aquel primer equipo, me dijo que hab\u00eda olvidado decir dos cosas. Importantes. Aprovecho este espacio para decirlas. La primera es que \u00e9ramos muy j\u00f3venes, entre 22 y 29 a\u00f1os, y que no ten\u00edamos demasiada idea de televisi\u00f3n ni tampoco de lo que est\u00e1bamos haciendo. Empez\u00e1bamos, y nos dieron tiempo y libertad. La segunda cosa que olvid\u00f3 decir es que casi todos los que aparecemos en aquella foto empezamos haciendo reportajes y hemos terminado haciendo documentales o siendo influyentes en el crecimiento y en la consolidaci\u00f3n de este g\u00e9nero en nuestro pa\u00eds. Una circunstancia que no se reduce solo a aquel equipo inicial, sino que tambi\u00e9n se puede decir de muchos otros profesionales que luego han pasado por el programa. Un argumento m\u00e1s para poner en valor y para agradecer lo que ha sido y lo que es la escuela del <em>30 Minuts<\/em>.<\/p>\n","protected":false},"excerpt":{"rendered":"<p>Art\u00edculo de Francesc Escribano, director general de Minoria Absoluta, para el InfoPROA del 29 de octubre de 2024<\/p>\n","protected":false},"author":90,"featured_media":16494,"comment_status":"open","ping_status":"open","sticky":false,"template":"","format":"standard","meta":{"_acf_changed":false,"inline_featured_image":false,"footnotes":""},"categories":[114,123,116],"tags":[],"class_list":["post-16496","post","type-post","status-publish","format-standard","has-post-thumbnail","hentry","category-prodocs-es","category-proficcio-es","category-protv-es"],"acf":[],"_links":{"self":[{"href":"https:\/\/proafed.com\/es\/wp-json\/wp\/v2\/posts\/16496","targetHints":{"allow":["GET"]}}],"collection":[{"href":"https:\/\/proafed.com\/es\/wp-json\/wp\/v2\/posts"}],"about":[{"href":"https:\/\/proafed.com\/es\/wp-json\/wp\/v2\/types\/post"}],"author":[{"embeddable":true,"href":"https:\/\/proafed.com\/es\/wp-json\/wp\/v2\/users\/90"}],"replies":[{"embeddable":true,"href":"https:\/\/proafed.com\/es\/wp-json\/wp\/v2\/comments?post=16496"}],"version-history":[{"count":0,"href":"https:\/\/proafed.com\/es\/wp-json\/wp\/v2\/posts\/16496\/revisions"}],"wp:featuredmedia":[{"embeddable":true,"href":"https:\/\/proafed.com\/es\/wp-json\/wp\/v2\/media\/16494"}],"wp:attachment":[{"href":"https:\/\/proafed.com\/es\/wp-json\/wp\/v2\/media?parent=16496"}],"wp:term":[{"taxonomy":"category","embeddable":true,"href":"https:\/\/proafed.com\/es\/wp-json\/wp\/v2\/categories?post=16496"},{"taxonomy":"post_tag","embeddable":true,"href":"https:\/\/proafed.com\/es\/wp-json\/wp\/v2\/tags?post=16496"}],"curies":[{"name":"wp","href":"https:\/\/api.w.org\/{rel}","templated":true}]}}