{"id":16729,"date":"2024-12-18T13:46:56","date_gmt":"2024-12-18T13:46:56","guid":{"rendered":"https:\/\/proafed.com\/?p=16729"},"modified":"2024-12-18T13:46:56","modified_gmt":"2024-12-18T13:46:56","slug":"avant-rep-el-tercer-premi-impuls-de-laudiovisual-en-el-seu-dese-aniversari","status":"publish","type":"post","link":"https:\/\/proafed.com\/es\/avant-rep-el-tercer-premi-impuls-de-laudiovisual-en-el-seu-dese-aniversari\/","title":{"rendered":"AVANT rep el tercer premi Impuls de l\u2019Audiovisual en el seu des\u00e8 aniversari"},"content":{"rendered":"<p>L\u2019any que es celebra el seu des\u00e8 aniversari, AVANT (Associaci\u00f3 de productors audiovisuals independents de la Comunitat Valenciana) ha rebut el premi Impuls de l\u2019Audiovisual que entrega la Junta de PROA a les persones o entitats que hagin destacat en la promoci\u00f3 del sector. Des del 2014 fins a avui, l\u2019entitat ha estat testimoni i un dels actors principals del canvi de model audiovisual a la Comunitat Valenciana. Un audiovisual que amb els anys ha constru\u00eft una mirada ambiciosa, \u00e8tica, diversa i internacional.<\/p>\n<p>Per al president de l\u2019associaci\u00f3, Rafa Mol\u00e9s, el guard\u00f3 \u00e9s un reconeixement a la projecci\u00f3 externa de la feina d\u2019AVANT. \u201cEn un moment que per a molts pot ser d\u2019inseguretat, el premi distingeix que en aquests deu anys AVANT ha fet coses molt bones i ha impulsat l\u2019audiovisual d\u2019una manera molt concreta i en un territori molt concret. \u00c9s una satisfacci\u00f3 i un honor veure que eixa aspiraci\u00f3 \u00e9s reconeguda\u201d, explica.<\/p>\n<p>El viatge d\u2019AVANT en aquesta d\u00e8cada reflecteix la hist\u00f2ria de com una ind\u00fastria situada a la perif\u00e8ria dels grans centres de producci\u00f3 ha acabant competint i triomfant als Goya, Canes i altres festivals internacionals. El 2014 la situaci\u00f3 era contraposada. \u201cHi havia un ecosistema molt fr\u00e0gil, molt dependent de l\u2019administraci\u00f3 p\u00fablica, molt servil en alguns casos\u201d, recorda Mol\u00e9s.<\/p>\n<p>En aquell context, un grup de joves creadors i productors es van unir per deixar enrere la depend\u00e8ncia respecte a les produccions de fora \u201ci convertir-nos en el centre de la producci\u00f3\u201d, diu Mol\u00e9s. \u201cMoltes productores que se sentien desemparades en un sistema audiovisual un poc desarticulat, polaritzat i no compatible amb el sistema de producci\u00f3 que s&#8217;estava fent dins de l&#8217;Estat espanyol i dins de la Uni\u00f3 Europea, de seguida van trobar una casa en AVANT\u201d.<\/p>\n<p>L\u2019associaci\u00f3 compta actualment amb 33 productores associades. La col\u00b7laboraci\u00f3 entre elles ha generat una compet\u00e8ncia molt positiva, on la participaci\u00f3 en mercats nacionals i internacionals i la col\u00b7laboraci\u00f3 en projectes molt diversos ha creat referents pr\u00f2xims dins del territori. Aquest ecosistema est\u00e0 provocant un efecte crida: \u201cNo nom\u00e9s productors, sin\u00f3 tamb\u00e9 creadors, directores, guionistes i actors que havien hagut de migrar a centres de producci\u00f3 m\u00e9s consolidats estan demanant tornar\u201d, comenta el president d\u2019AVANT.<\/p>\n<p>En els darrers anys, ha estat clau la reaparici\u00f3 de la televisi\u00f3 p\u00fablica valenciana, actualment amb el nom d\u2019\u00c0 Punt, ja que, malgrat l\u2019infrafinan\u00e7ament, ha proporcionat una plataforma per a moltes productores i per a la creaci\u00f3 de talent. Pel que fa a l\u2019altre ens p\u00fablic principal del sector, l&#8217;Institut Valenci\u00e0 de Cultura, AVANT ha advocat per pol\u00edtiques p\u00fabliques que no nom\u00e9s fomentin la quantitat, sin\u00f3 tamb\u00e9 la diversitat de les produccions.<\/p>\n<p>Un altre dels efectes d\u2019aquest ecosistema robust ha estat la consolidaci\u00f3 d\u2019un imaginari valenci\u00e0, ja allunyat de la corrupci\u00f3 pol\u00edtica i els desgavells del passat. Les produccions actuals combinen l\u2019humor sarc\u00e0stic caracter\u00edstic valenci\u00e0 amb la cr\u00edtica social, la lluita i la reivindicaci\u00f3. \u201cJa no \u00e9s un somriure buit, \u00e9s un somriure carregat d\u2019intenci\u00f3\u201d, resumeix Mol\u00e9s.<\/p>\n<p>El Premi Impuls de l\u2019Audiovisual coincideix amb un context d\u2019inestabilitat pol\u00edtica a la Comunitat Valenciana i dels efectes de la DANA que va assolar una part de la prov\u00edncia de Val\u00e8ncia. Rafa Mol\u00e9s explica que les conseq\u00fc\u00e8ncies han estat principalment emocionals per l\u2019afectaci\u00f3 directa en amics i companys, per\u00f2 tamb\u00e9 ha impactat amb duresa sobre el sector. Alguns associats d\u2019AVANT van perdre les seves instal\u00b7lacions i els primers dies de la trag\u00e8dia va haver-hi una fuga de rodatges, per\u00f2 el que m\u00e9s preocupa el sector \u00e9s que es produeixi una p\u00e8rdua de confian\u00e7a dins de la ind\u00fastria a mig termini. Davant d\u2019aquesta situaci\u00f3, l\u2019associaci\u00f3 defensa que el sector no ha de rebre m\u00e9s ajudes que altres ind\u00fastries afectades. \u201cL\u2019ajuda la volem per a tots\u201d, diu Mol\u00e9s, \u201cperqu\u00e8 al final el cinema dep\u00e8n de la societat, que a trav\u00e9s dels instituts p\u00fablics i la televisi\u00f3, ens ajuda a produir\u201d.<\/p>\n<p>Tot i les dificultats, el president d\u2019AVANT \u00e9s optimista i creu que l\u2019audiovisual valenci\u00e0 es troba en el millor moment de la seva hist\u00f2ria. \u201cNo s\u2019ha produ\u00eft mai tant com ara, tant en televisi\u00f3 com per a plataformes i cinema. En cinema, indubtablement, mai s\u2019ha produ\u00eft tant b\u00e9 ni amb tants reconeixements interns i internacionals\u201d, conclou.<\/p>\n","protected":false},"excerpt":{"rendered":"<p>El premi coincideix amb el des\u00e8 aniversari de l&#8217;associaci\u00f3 de productors audiovisuals independents de la Comunitat Valenciana<\/p>\n","protected":false},"author":90,"featured_media":16730,"comment_status":"open","ping_status":"open","sticky":false,"template":"","format":"standard","meta":{"_acf_changed":false,"inline_featured_image":false,"footnotes":""},"categories":[115],"tags":[],"class_list":["post-16729","post","type-post","status-publish","format-standard","has-post-thumbnail","hentry","category-proa-es"],"acf":[],"_links":{"self":[{"href":"https:\/\/proafed.com\/es\/wp-json\/wp\/v2\/posts\/16729","targetHints":{"allow":["GET"]}}],"collection":[{"href":"https:\/\/proafed.com\/es\/wp-json\/wp\/v2\/posts"}],"about":[{"href":"https:\/\/proafed.com\/es\/wp-json\/wp\/v2\/types\/post"}],"author":[{"embeddable":true,"href":"https:\/\/proafed.com\/es\/wp-json\/wp\/v2\/users\/90"}],"replies":[{"embeddable":true,"href":"https:\/\/proafed.com\/es\/wp-json\/wp\/v2\/comments?post=16729"}],"version-history":[{"count":0,"href":"https:\/\/proafed.com\/es\/wp-json\/wp\/v2\/posts\/16729\/revisions"}],"wp:featuredmedia":[{"embeddable":true,"href":"https:\/\/proafed.com\/es\/wp-json\/wp\/v2\/media\/16730"}],"wp:attachment":[{"href":"https:\/\/proafed.com\/es\/wp-json\/wp\/v2\/media?parent=16729"}],"wp:term":[{"taxonomy":"category","embeddable":true,"href":"https:\/\/proafed.com\/es\/wp-json\/wp\/v2\/categories?post=16729"},{"taxonomy":"post_tag","embeddable":true,"href":"https:\/\/proafed.com\/es\/wp-json\/wp\/v2\/tags?post=16729"}],"curies":[{"name":"wp","href":"https:\/\/api.w.org\/{rel}","templated":true}]}}