{"id":16931,"date":"2025-02-11T08:44:18","date_gmt":"2025-02-11T08:44:18","guid":{"rendered":"https:\/\/proafed.com\/?p=16931"},"modified":"2025-02-11T08:44:18","modified_gmt":"2025-02-11T08:44:18","slug":"podcast-veus-de-laudiovisual-17-drets-culturals-amb-sonia-hernandez-almodovar","status":"publish","type":"post","link":"https:\/\/proafed.com\/es\/podcast-veus-de-laudiovisual-17-drets-culturals-amb-sonia-hernandez-almodovar\/","title":{"rendered":"P\u00f2dcast Veus de l&#8217;Audiovisual #17 Drets culturals, amb S\u00f2nia Hern\u00e1ndez Almod\u00f3var"},"content":{"rendered":"<p><iframe title=\"Spotify Embed: #17 Drets culturals, amb S\u00f2nia Hern\u00e1ndez Almod\u00f3var\" style=\"border-radius: 12px\" width=\"100%\" height=\"152\" frameborder=\"0\" allowfullscreen allow=\"autoplay; clipboard-write; encrypted-media; fullscreen; picture-in-picture\" loading=\"lazy\" src=\"https:\/\/open.spotify.com\/embed\/episode\/1ba3AYQ7VKpoXasiJ7Cvfm?si=fbc20c5843594b83&#038;utm_source=oembed\"><\/iframe><\/p>\n<p class=\"e-9573-text encore-text-body-medium\" data-encore-id=\"text\" data-slate-node=\"element\"><span data-slate-node=\"text\"><span class=\"sc-lmsKoi cPYHZh\" data-slate-leaf=\"true\">La <\/span><\/span><span data-slate-node=\"text\"><span class=\"sc-lmsKoi cPYHZh\" data-slate-leaf=\"true\"><strong>consellera de Cultura de la Generalitat, S\u00f2nia Hern\u00e1ndez Almod\u00f3var<\/strong><\/span><\/span><span data-slate-node=\"text\"><span class=\"sc-lmsKoi cPYHZh\" data-slate-leaf=\"true\">, va conversar el passat 23 de gener amb l\u2019ecosistema cultural catal\u00e0. Va presentar les l\u00ednies principals del Departament en aquest mandat i va destacar que aquesta ha de ser la legislatura dels drets culturals. <\/span><\/span><\/p>\n<p class=\"e-9573-text encore-text-body-medium\" data-encore-id=\"text\" data-slate-node=\"element\"><span data-slate-node=\"text\"><span class=\"sc-lmsKoi cPYHZh\" data-slate-leaf=\"true\">Tamb\u00e9 va assenyalar que la cultura catalana viu un moment d\u2019esplendor, amb xifres r\u00e8cord en cinema, teatre i m\u00fasica. Va destacar les 42 pel\u00b7l\u00edcules en llengua catalana estrenades aquest any, que van atraure 730.000 espectadors, i els 3,1 milions d\u2019entrades venudes als teatres de Barcelona. A m\u00e9s, va posar en valor els 1.200 milions d\u2019euros de facturaci\u00f3 del sector i els 35.000 llocs de treball generats, amb especial atenci\u00f3 al dinamisme de l\u2019audiovisual i els videojocs, que han facturat 700 milions d\u2019euros i han donat feina a 4.600 professionals.<\/span><\/span><\/p>\n<p class=\"e-9573-text encore-text-body-medium\" data-encore-id=\"text\" data-slate-node=\"element\"><span data-slate-node=\"text\"><span class=\"sc-lmsKoi cPYHZh\" data-slate-leaf=\"true\">Avui recuperem algun dels fragments d\u2019aquesta conversa organitzada per PROA, el Cercle de Cultura, l\u2019Associaci\u00f3 d\u2019Empreses de Teatre de Catalunya, l\u2019Associaci\u00f3 de Professionals de la Gesti\u00f3 Cultural de Catalunya i l\u2019Associaci\u00f3 de Professionals de la Museologia de Catalunya. <\/span><\/span><\/p>\n<p class=\"e-9573-text encore-text-body-medium\" data-encore-id=\"text\" data-slate-node=\"element\" data-slate-fragment=\"JTVCJTdCJTIydHlwZSUyMiUzQSUyMnBhcmFncmFwaCUyMiUyQyUyMmNoaWxkcmVuJTIyJTNBJTVCJTdCJTIydGV4dCUyMiUzQSUyMkxhJTIwJTIyJTdEJTJDJTdCJTIydGV4dCUyMiUzQSUyMmNvbnNlbGxlcmElMjBkZSUyMEN1bHR1cmElMjBkZSUyMGxhJTIwR2VuZXJhbGl0YXQlMkMlMjBTJUMzJUIybmlhJTIwSGVybiVDMyVBMW5kZXolMjBBbG1vZCVDMyVCM3ZhciUyMiUyQyUyMmJvbGQlMjIlM0F0cnVlJTdEJTJDJTdCJTIydGV4dCUyMiUzQSUyMiUyQyUyMHZhJTIwY29udmVyc2FyJTIwZWwlMjBwYXNzYXQlMjAyMyUyMGRlJTIwZ2VuZXIlMjBhbWIlMjBsJUUyJTgwJTk5ZWNvc2lzdGVtYSUyMGN1bHR1cmFsJTIwY2F0YWwlQzMlQTAuJTIwVmElMjBwcmVzZW50YXIlMjBsZXMlMjBsJUMzJUFEbmllcyUyMHByaW5jaXBhbHMlMjBkZWwlMjBEZXBhcnRhbWVudCUyMGVuJTIwYXF1ZXN0JTIwbWFuZGF0JTIwaSUyMHZhJTIwZGVzdGFjYXIlMjBxdWUlMjBhcXVlc3RhJTIwaGElMjBkZSUyMHNlciUyMGxhJTIwbGVnaXNsYXR1cmElMjBkZWxzJTIwZHJldHMlMjBjdWx0dXJhbHMuJTIwJTIyJTdEJTVEJTdEJTJDJTdCJTIydHlwZSUyMiUzQSUyMnBhcmFncmFwaCUyMiUyQyUyMmNoaWxkcmVuJTIyJTNBJTVCJTdCJTIydGV4dCUyMiUzQSUyMlRhbWIlQzMlQTklMjB2YSUyMGFzc2VueWFsYXIlMjBxdWUlMjBsYSUyMGN1bHR1cmElMjBjYXRhbGFuYSUyMHZpdSUyMHVuJTIwbW9tZW50JTIwZCVFMiU4MCU5OWVzcGxlbmRvciUyQyUyMGFtYiUyMHhpZnJlcyUyMHIlQzMlQThjb3JkJTIwZW4lMjBjaW5lbWElMkMlMjB0ZWF0cmUlMjBpJTIwbSVDMyVCQXNpY2EuJTIwVmElMjBkZXN0YWNhciUyMGxlcyUyMDQyJTIwcGVsJUMyJUI3bCVDMyVBRGN1bGVzJTIwZW4lMjBsbGVuZ3VhJTIwY2F0YWxhbmElMjBlc3RyZW5hZGVzJTIwYXF1ZXN0JTIwYW55JTJDJTIwcXVlJTIwdmFuJTIwYXRyYXVyZSUyMDczMC4wMDAlMjBlc3BlY3RhZG9ycyUyQyUyMGklMjBlbHMlMjAzJTJDMSUyMG1pbGlvbnMlMjBkJUUyJTgwJTk5ZW50cmFkZXMlMjB2ZW51ZGVzJTIwYWxzJTIwdGVhdHJlcyUyMGRlJTIwQmFyY2Vsb25hLiUyMEElMjBtJUMzJUE5cyUyQyUyMHZhJTIwcG9zYXIlMjBlbiUyMHZhbG9yJTIwZWxzJTIwMS4yMDAlMjBtaWxpb25zJTIwZCVFMiU4MCU5OWV1cm9zJTIwZGUlMjBmYWN0dXJhY2klQzMlQjMlMjBkZWwlMjBzZWN0b3IlMjBpJTIwZWxzJTIwMzUuMDAwJTIwbGxvY3MlMjBkZSUyMHRyZWJhbGwlMjBnZW5lcmF0cyUyQyUyMGFtYiUyMGVzcGVjaWFsJTIwYXRlbmNpJUMzJUIzJTIwYWwlMjBkaW5hbWlzbWUlMjBkZSUyMGwlRTIlODAlOTlhdWRpb3Zpc3VhbCUyMGklMjBlbHMlMjB2aWRlb2pvY3MlMkMlMjBxdWUlMjBoYW4lMjBmYWN0dXJhdCUyMDcwMCUyMG1pbGlvbnMlMjBkJUUyJTgwJTk5ZXVyb3MlMjBpJTIwaGFuJTIwZG9uYXQlMjBmZWluYSUyMGElMjA0LjYwMCUyMHByb2Zlc3Npb25hbHMuJTIyJTdEJTVEJTdEJTJDJTdCJTIydHlwZSUyMiUzQSUyMnBhcmFncmFwaCUyMiUyQyUyMmNoaWxkcmVuJTIyJTNBJTVCJTdCJTIydGV4dCUyMiUzQSUyMkF2dWklMjByZWN1cGVyZW0lMjBhbGd1biUyMGRlbHMlMjBmcmFnbWVudHMlMjBkJUUyJTgwJTk5YXF1ZXN0YSUyMGNvbnZlcnNhJTIwb3JnYW5pdHphZGElMjBwZXIlMjBQUk9BJTJDJTIwZWwlMjBDZXJjbGUlMjBkZSUyMEN1bHR1cmElMkMlMjBsJUUyJTgwJTk5QXNzb2NpYWNpJUMzJUIzJTIwZCVFMiU4MCU5OUVtcHJlc2VzJTIwZGUlMjBUZWF0cmUlMjBkZSUyMENhdGFsdW55YSUyQyUyMGwlRTIlODAlOTlBc3NvY2lhY2klQzMlQjMlMjBkZSUyMFByb2Zlc3Npb25hbHMlMjBkZSUyMGxhJTIwR2VzdGklQzMlQjMlMjBDdWx0dXJhbCUyMGRlJTIwQ2F0YWx1bnlhJTIwaSUyMGwlRTIlODAlOTlBc3NvY2lhY2klQzMlQjMlMjBkZSUyMFByb2Zlc3Npb25hbHMlMjBkZSUyMGxhJTIwTXVzZW9sb2dpYSUyMGRlJTIwQ2F0YWx1bnlhLiUyMCUyMiU3RCU1RCU3RCUyQyU3QiUyMnR5cGUlMjIlM0ElMjJwYXJhZ3JhcGglMjIlMkMlMjJjaGlsZHJlbiUyMiUzQSU1QiU3QiUyMnRleHQlMjIlM0ElMjJWZXVzJTIwZGUlMjBsJUUyJTgwJTk5QXVkaW92aXN1YWwlMjAlQzMlQTlzJTIwZWwlMjBwJUMzJUIyZGNhc3QlMjBkZSUyMFBST0ElMkMlMjBsYSUyMEZlZGVyYWNpJUMzJUIzJTIwZGUlMjBQcm9kdWN0b3JlcyUyMEF1ZGlvdmlzdWFscy4lMjAlMjAlMjIlN0QlNUQlN0QlNUQ=\"><span data-slate-node=\"text\"><span class=\"sc-lmsKoi cPYHZh\" data-slate-leaf=\"true\">Veus de l\u2019Audiovisual \u00e9s el p\u00f2dcast de PROA, la Federaci\u00f3 de Productores Audiovisuals. <\/span><\/span><\/p>\n","protected":false},"excerpt":{"rendered":"<p>La consellera de Cultura de la Generalitat, S\u00f2nia Hern\u00e1ndez Almod\u00f3var, va conversar el passat 23 de gener amb l\u2019ecosistema cultural catal\u00e0.<\/p>\n","protected":false},"author":90,"featured_media":16935,"comment_status":"open","ping_status":"open","sticky":false,"template":"","format":"standard","meta":{"_acf_changed":false,"inline_featured_image":false,"footnotes":""},"categories":[115],"tags":[],"class_list":["post-16931","post","type-post","status-publish","format-standard","has-post-thumbnail","hentry","category-proa-es"],"acf":[],"_links":{"self":[{"href":"https:\/\/proafed.com\/es\/wp-json\/wp\/v2\/posts\/16931","targetHints":{"allow":["GET"]}}],"collection":[{"href":"https:\/\/proafed.com\/es\/wp-json\/wp\/v2\/posts"}],"about":[{"href":"https:\/\/proafed.com\/es\/wp-json\/wp\/v2\/types\/post"}],"author":[{"embeddable":true,"href":"https:\/\/proafed.com\/es\/wp-json\/wp\/v2\/users\/90"}],"replies":[{"embeddable":true,"href":"https:\/\/proafed.com\/es\/wp-json\/wp\/v2\/comments?post=16931"}],"version-history":[{"count":0,"href":"https:\/\/proafed.com\/es\/wp-json\/wp\/v2\/posts\/16931\/revisions"}],"wp:featuredmedia":[{"embeddable":true,"href":"https:\/\/proafed.com\/es\/wp-json\/wp\/v2\/media\/16935"}],"wp:attachment":[{"href":"https:\/\/proafed.com\/es\/wp-json\/wp\/v2\/media?parent=16931"}],"wp:term":[{"taxonomy":"category","embeddable":true,"href":"https:\/\/proafed.com\/es\/wp-json\/wp\/v2\/categories?post=16931"},{"taxonomy":"post_tag","embeddable":true,"href":"https:\/\/proafed.com\/es\/wp-json\/wp\/v2\/tags?post=16931"}],"curies":[{"name":"wp","href":"https:\/\/api.w.org\/{rel}","templated":true}]}}