{"id":17162,"date":"2025-03-04T08:49:27","date_gmt":"2025-03-04T08:49:27","guid":{"rendered":"https:\/\/proafed.com\/?p=17162"},"modified":"2025-03-04T08:50:51","modified_gmt":"2025-03-04T08:50:51","slug":"iniciamos-una-nueva-etapa-en-proa","status":"publish","type":"post","link":"https:\/\/proafed.com\/es\/iniciamos-una-nueva-etapa-en-proa\/","title":{"rendered":"Iniciamos una nueva etapa en PROA"},"content":{"rendered":"<p>PROA comienza una nueva etapa con el nombramiento de Carlota Guerrero como nueva gerente. Con una s\u00f3lida trayectoria en el sector y una gran capacidad de gesti\u00f3n, Carlota llega con el objetivo de continuar impulsando nuestra federaci\u00f3n y dar apoyo a las productoras audiovisuales asociadas.<\/p>\n<p>Despu\u00e9s de un intenso proceso de selecci\u00f3n llevado a cabo por una empresa especializada en recursos humanos y con m\u00e1s de 50 candidatos entrevistados, la Junta eligi\u00f3 por unanimidad a Carlota Guerrero. Exresponsable de la Catalunya Film Commission del Departament de Cultura de la Generalitat de Catalunya, Carlota asume el cargo con entusiasmo y una visi\u00f3n clara: fortalecer las relaciones entre las entidades asociadas, fomentar la innovaci\u00f3n en el sector y defender los intereses de nuestras empresas en un momento de grandes cambios y oportunidades.<\/p>\n<p>Muchos ya la conoc\u00e9is por su profundo conocimiento del sector audiovisual y su experiencia en el trato con las productoras y sus necesidades. Su capacidad de influencia, su red de contactos nacionales, estatales e internacionales y su visi\u00f3n estrat\u00e9gica ser\u00e1n clave para contribuir al crecimiento de la Federaci\u00f3n y de sus asociados. Con una trayectoria que incluye la creaci\u00f3n y coordinaci\u00f3n de una red de m\u00e1s de 240 municipios catalanes para que devengan <em>film-friendly<\/em>, adem\u00e1s de ser copresidenta de la European Film Commission Network y vicepresidenta de la Spain Film Commission, su bagaje es un gran valor para nuestra federaci\u00f3n.<\/p>\n<p>Carlota es una persona que consigue sus objetivos a trav\u00e9s del trabajo en equipo y tiene una gran capacidad para generar confianza e influencia en el sector. Su sociabilidad, car\u00e1cter abierto y capacidad de resoluci\u00f3n de problemas la han convertido en una interlocutora excelente tanto en el \u00e1mbito p\u00fablico como privado, estatal e internacional.<\/p>\n<p>Como presidente de PROA, quiero darle la bienvenida y reafirmar nuestro compromiso de trabajar juntos en esta nueva etapa. Estamos seguros de que, con su liderazgo, continuaremos sumando esfuerzos por un sector audiovisual m\u00e1s fuerte, din\u00e1mico y competitivo.<\/p>\n<p>\u00a1Bienvenida, Carlota, y gracias por aceptar el reto de representarnos y defendernos!<\/p>\n","protected":false},"excerpt":{"rendered":"<p>Art\u00edculo de Ferran Cera, presidente de PROA, para el InfoPROA del 4 de marzo de 2025 <\/p>\n","protected":false},"author":90,"featured_media":17160,"comment_status":"open","ping_status":"open","sticky":false,"template":"","format":"standard","meta":{"_acf_changed":false,"inline_featured_image":false,"footnotes":""},"categories":[115],"tags":[],"class_list":["post-17162","post","type-post","status-publish","format-standard","has-post-thumbnail","hentry","category-proa-es"],"acf":[],"_links":{"self":[{"href":"https:\/\/proafed.com\/es\/wp-json\/wp\/v2\/posts\/17162","targetHints":{"allow":["GET"]}}],"collection":[{"href":"https:\/\/proafed.com\/es\/wp-json\/wp\/v2\/posts"}],"about":[{"href":"https:\/\/proafed.com\/es\/wp-json\/wp\/v2\/types\/post"}],"author":[{"embeddable":true,"href":"https:\/\/proafed.com\/es\/wp-json\/wp\/v2\/users\/90"}],"replies":[{"embeddable":true,"href":"https:\/\/proafed.com\/es\/wp-json\/wp\/v2\/comments?post=17162"}],"version-history":[{"count":0,"href":"https:\/\/proafed.com\/es\/wp-json\/wp\/v2\/posts\/17162\/revisions"}],"wp:featuredmedia":[{"embeddable":true,"href":"https:\/\/proafed.com\/es\/wp-json\/wp\/v2\/media\/17160"}],"wp:attachment":[{"href":"https:\/\/proafed.com\/es\/wp-json\/wp\/v2\/media?parent=17162"}],"wp:term":[{"taxonomy":"category","embeddable":true,"href":"https:\/\/proafed.com\/es\/wp-json\/wp\/v2\/categories?post=17162"},{"taxonomy":"post_tag","embeddable":true,"href":"https:\/\/proafed.com\/es\/wp-json\/wp\/v2\/tags?post=17162"}],"curies":[{"name":"wp","href":"https:\/\/api.w.org\/{rel}","templated":true}]}}