{"id":17234,"date":"2025-03-11T09:23:11","date_gmt":"2025-03-11T09:23:11","guid":{"rendered":"https:\/\/proafed.com\/?p=17234"},"modified":"2025-03-11T09:25:20","modified_gmt":"2025-03-11T09:25:20","slug":"compromiso-cooperacion-y-crecimiento-por-nuestro-audiovisual","status":"publish","type":"post","link":"https:\/\/proafed.com\/es\/compromiso-cooperacion-y-crecimiento-por-nuestro-audiovisual\/","title":{"rendered":"Compromiso, cooperaci\u00f3n y crecimiento por nuestro audiovisual"},"content":{"rendered":"<p>Desde ya hace unos a\u00f1os, el InfoPROA semanal ha sido uno de esos h\u00e1bitos que se convierten en imprescindibles. Cuando estoy fuera de la oficina, es el cl\u00e1sico bolet\u00edn que dejo en espera hasta que encuentro el momento de mirarlo con un poco de calma.<\/p>\n<p>Aqu\u00ed, he seguido de cerca las inquietudes y las reivindicaciones de las productoras miembros de la Federaci\u00f3n, su mirada y su an\u00e1lisis tanto del ecosistema en el que llevan a cabo su trabajo como de las herramientas con las que cuentan para hacerlo. Estas perspectivas, a veces coincidentes y a veces confrontadas, tienen un denominador com\u00fan: se expresan en un entorno de confianza y de complicidad, sabi\u00e9ndose parte de un espacio compartido con el claro objetivo de trabajar para que las productoras independientes puedan acompa\u00f1ar el talento y hacer llegar al p\u00fablico sus historias y sus proyectos en las mejores condiciones posibles.<\/p>\n<p>Hoy, como nueva gerente de la Federaci\u00f3n, me toca a m\u00ed escribir este texto de entrada. Lo hago con orgullo y compromiso, consciente de la responsabilidad que representa ponerme al frente de un equipo y unas empresas asociadas que han hecho de PROA una interlocutora imprescindible para el conjunto de la industria audiovisual. En este momento de retos y oportunidades, trabajar\u00e9 de la mano de la Junta Directiva y de todos vosotros para continuar impulsando el sector, fortaleciendo nuestra presencia institucional, defendiendo los intereses de las productoras ante los organismos p\u00fablicos y privados y fomentando su crecimiento a nivel nacional e internacional. La cooperaci\u00f3n y el di\u00e1logo con todas las instituciones, entidades y asociaciones ser\u00e1n parte fundamental de mi tarea con la voluntad de sumar esfuerzos para que nuestro sector audiovisual contin\u00fae siendo un referente en todas partes.<\/p>\n<p>Me ten\u00e9is a vuestra disposici\u00f3n para conseguir vuestros retos y objetivos que, a partir de ahora, son tambi\u00e9n los m\u00edos.<\/p>\n","protected":false},"excerpt":{"rendered":"<p>Art\u00edculo de Carlota Guerrero, gerente de PROA, para el InfoPROA del 11 de marzo<\/p>\n","protected":false},"author":90,"featured_media":17232,"comment_status":"open","ping_status":"open","sticky":false,"template":"","format":"standard","meta":{"_acf_changed":false,"inline_featured_image":false,"footnotes":""},"categories":[115],"tags":[],"class_list":["post-17234","post","type-post","status-publish","format-standard","has-post-thumbnail","hentry","category-proa-es"],"acf":[],"_links":{"self":[{"href":"https:\/\/proafed.com\/es\/wp-json\/wp\/v2\/posts\/17234","targetHints":{"allow":["GET"]}}],"collection":[{"href":"https:\/\/proafed.com\/es\/wp-json\/wp\/v2\/posts"}],"about":[{"href":"https:\/\/proafed.com\/es\/wp-json\/wp\/v2\/types\/post"}],"author":[{"embeddable":true,"href":"https:\/\/proafed.com\/es\/wp-json\/wp\/v2\/users\/90"}],"replies":[{"embeddable":true,"href":"https:\/\/proafed.com\/es\/wp-json\/wp\/v2\/comments?post=17234"}],"version-history":[{"count":0,"href":"https:\/\/proafed.com\/es\/wp-json\/wp\/v2\/posts\/17234\/revisions"}],"wp:featuredmedia":[{"embeddable":true,"href":"https:\/\/proafed.com\/es\/wp-json\/wp\/v2\/media\/17232"}],"wp:attachment":[{"href":"https:\/\/proafed.com\/es\/wp-json\/wp\/v2\/media?parent=17234"}],"wp:term":[{"taxonomy":"category","embeddable":true,"href":"https:\/\/proafed.com\/es\/wp-json\/wp\/v2\/categories?post=17234"},{"taxonomy":"post_tag","embeddable":true,"href":"https:\/\/proafed.com\/es\/wp-json\/wp\/v2\/tags?post=17234"}],"curies":[{"name":"wp","href":"https:\/\/api.w.org\/{rel}","templated":true}]}}