{"id":17516,"date":"2025-04-08T09:58:10","date_gmt":"2025-04-08T09:58:10","guid":{"rendered":"https:\/\/proafed.com\/?p=17516"},"modified":"2025-04-08T10:00:42","modified_gmt":"2025-04-08T10:00:42","slug":"momento-de-apertura","status":"publish","type":"post","link":"https:\/\/proafed.com\/es\/momento-de-apertura\/","title":{"rendered":"Momento de apertura"},"content":{"rendered":"<p>De Catalu\u00f1a al resto de Espa\u00f1a y de Espa\u00f1a al mundo. Podr\u00eda ser un lema, o el resumen de nuestro camino como compa\u00f1\u00eda o una filosof\u00eda que precede a todo, pero lo cierto es que el sector audiovisual vive este recorrido constantemente, de lo local a lo global. Este proceso se da por dos motivos principales: voluntad o necesidad. Nosotros siempre tuvimos clara la primera opci\u00f3n, y la segunda es un hecho en el sector. Pero por experiencia creo que conviene a\u00f1adir una tercera opci\u00f3n: la oportunidad.<\/p>\n<p>Vivimos un momento confuso, como suele pasar en esto del audiovisual. Primero las plataformas lo compraban todo, luego nada, ahora la mitad y la otra mitad tenemos que componerla como podamos. La tele sigue haciendo lo mismo y las plataformas quieren ser la tele pero no dejar de ser las plataformas. Antes las plataformas eran una amenaza para la televisi\u00f3n en abierto, ahora lo es la IA para la producci\u00f3n y en breve ser\u00e1 el dinero procedente de Oriente Medio, que si ya ha entrado con miles de millones en el mundo del videojuego, no tardar\u00e1 en entrar a lo grande en nuestro sector. Y lo que a r\u00edo revuelto deber\u00eda ser ganancia de pescadores no siempre sucede. Pero las oportunidades est\u00e1n ah\u00ed.<\/p>\n<p>Espa\u00f1a es referencia creativa, lo es (y bien lo sabemos por nuestra divisi\u00f3n de <em>service<\/em>) como receptor de producciones internacionales, que nos abre un mundo entero de colaboraci\u00f3n y de compartir historias, creatividad y esfuerzos. Tambi\u00e9n la IA, que tiene muchas aristas, pero que abre la oportunidad de estudiar c\u00f3mo mejorar y optimizar procesos manteniendo a la persona, al talento, como pilar principal de cualquier proyecto. Y habr\u00e1 que ver qu\u00e9 hacen las nuevas econom\u00edas en el sector, mientras seguimos mirando a Hispanoam\u00e9rica como nuestro lugar de encuentro natural, porque a lo mejor una cosa con la otra nos convierte en puente. Ese recorrido del que hablaba al principio es un recorrido f\u00edsico, pero tambi\u00e9n de apertura. Y ahora, m\u00e1s que nunca, es lo que toca.<\/p>\n","protected":false},"excerpt":{"rendered":"<p>De Catalu\u00f1a al resto de Espa\u00f1a y de Espa\u00f1a al mundo. Podr\u00eda ser un lema, o el resumen de nuestro camino como compa\u00f1\u00eda o una filosof\u00eda que precede a todo, pero lo cierto es que el sector audiovisual vive este recorrido constantemente, de lo local a lo global. Este proceso se da por dos motivos&#8230; <a class=\"excerpt-read-more\" href=\"https:\/\/proafed.com\/es\/momento-de-apertura\/\" title=\"Momento de apertura\">Read more \u00bb<\/a><\/p>\n","protected":false},"author":90,"featured_media":17515,"comment_status":"open","ping_status":"open","sticky":false,"template":"","format":"standard","meta":{"_acf_changed":false,"inline_featured_image":false,"footnotes":""},"categories":[116],"tags":[],"class_list":["post-17516","post","type-post","status-publish","format-standard","has-post-thumbnail","hentry","category-protv-es"],"acf":[],"_links":{"self":[{"href":"https:\/\/proafed.com\/es\/wp-json\/wp\/v2\/posts\/17516","targetHints":{"allow":["GET"]}}],"collection":[{"href":"https:\/\/proafed.com\/es\/wp-json\/wp\/v2\/posts"}],"about":[{"href":"https:\/\/proafed.com\/es\/wp-json\/wp\/v2\/types\/post"}],"author":[{"embeddable":true,"href":"https:\/\/proafed.com\/es\/wp-json\/wp\/v2\/users\/90"}],"replies":[{"embeddable":true,"href":"https:\/\/proafed.com\/es\/wp-json\/wp\/v2\/comments?post=17516"}],"version-history":[{"count":0,"href":"https:\/\/proafed.com\/es\/wp-json\/wp\/v2\/posts\/17516\/revisions"}],"wp:featuredmedia":[{"embeddable":true,"href":"https:\/\/proafed.com\/es\/wp-json\/wp\/v2\/media\/17515"}],"wp:attachment":[{"href":"https:\/\/proafed.com\/es\/wp-json\/wp\/v2\/media?parent=17516"}],"wp:term":[{"taxonomy":"category","embeddable":true,"href":"https:\/\/proafed.com\/es\/wp-json\/wp\/v2\/categories?post=17516"},{"taxonomy":"post_tag","embeddable":true,"href":"https:\/\/proafed.com\/es\/wp-json\/wp\/v2\/tags?post=17516"}],"curies":[{"name":"wp","href":"https:\/\/api.w.org\/{rel}","templated":true}]}}