{"id":3240,"date":"2023-01-03T15:00:39","date_gmt":"2023-01-03T15:00:39","guid":{"rendered":"https:\/\/proafed.com\/new\/arribar-a-amsterdam-somiant\/"},"modified":"2023-05-24T16:03:00","modified_gmt":"2023-05-24T16:03:00","slug":"llegar-a-amsterdam-sonando","status":"publish","type":"post","link":"https:\/\/proafed.com\/es\/llegar-a-amsterdam-sonando\/","title":{"rendered":"Llegar a \u00c1msterdam so\u00f1ando"},"content":{"rendered":"<p>Una coproducci\u00f3n con Dinamarca, un largometraje para una gran plataforma, una coproducci\u00f3n con Francia con ocho cadenas de televisi\u00f3n internacionales: son ejemplos de las producciones en las que trabajamos el a\u00f1o pasado y durante las cuales <strong>no vimos en persona a nuestros interlocutores internacionales ni una sola vez<\/strong>.<\/p>\n<p>El pasado noviembre me estaba haciendo la maleta para un evento clave en la agenda de cualquier productor de documentales: el IFDA, en \u00c1msterdam. Despu\u00e9s de dos a\u00f1os de pandemia, el festival y el mercado volv\u00edan a estar planificados en todo su esplendor. Pero antes de salir tuve una sensaci\u00f3n inc\u00f3moda: como profesionales del g\u00e9nero documental, que suele enfocarse en las desigualdades sociales y medioambientales del mundo, \u00bf<strong>nos podemos permitir coger un avi\u00f3n<\/strong> para reunirnos todos, contaminando el mundo que intentamos mejorar?<\/p>\n<p>Al llegar a \u00c1msterdam, me encontr\u00e9 con compa\u00f1eros y compa\u00f1eras que no hab\u00eda visto en a\u00f1os. Por primera vez en mucho tiempo, pude <strong>intercambiar ideas en directo<\/strong> y hablar sobre problemas o retos del oficio. Me he reencontrado con <em>commissioning editors <\/em>de televisiones y hemos solucionado temas que hac\u00eda tiempo que intentaba resolver por correo electr\u00f3nico; he podido disfrutar de los <em>pitches<\/em> de proyectos prometedores, participar en charlas de gente inspiradora, conocer a directores y futuros coproductores, y he visto documentales en la gran pantalla y los he analizado con los compa\u00f1eros all\u00ed presentes. Me he llenado de inspiraci\u00f3n y alegr\u00eda para poder dedicarme a este g\u00e9nero que tanto quiero.<\/p>\n<p>De nuevo en Barcelona, he tenido que concluir que s\u00ed que es importante que nos veamos de vez en cuando en persona. Indudablemente, el di\u00e1logo directo, compartir, sentir y <strong>hablar naturalmente y sin barreras es crucial para trabajar juntos<\/strong>. Lo mejor es que pronto podremos sustituir los asientos estrechos del avi\u00f3n por un viaje so\u00f1ado: la empresa European Sleeper ha anunciado que introducir\u00e1 un tren nocturno entre Barcelona y \u00c1msterdam. De esta manera podremos llegar de manera m\u00e1s sostenible y hacer nuestras pel\u00edculas so\u00f1adas.<\/p>\n<p>\u00a1Feliz a\u00f1o nuevo!<\/p>\n","protected":false},"excerpt":{"rendered":"<p>Art\u00edculo de Marieke van den Bersselaar, productora ejecutiva de Polar Star Films, para el InfoPROA del 3 de enero de 2023.<\/p>\n","protected":false},"author":1,"featured_media":2591,"comment_status":"open","ping_status":"open","sticky":false,"template":"","format":"standard","meta":{"_acf_changed":false,"inline_featured_image":false,"footnotes":""},"categories":[114],"tags":[],"class_list":["post-3240","post","type-post","status-publish","format-standard","has-post-thumbnail","hentry","category-prodocs-es"],"acf":[],"_links":{"self":[{"href":"https:\/\/proafed.com\/es\/wp-json\/wp\/v2\/posts\/3240","targetHints":{"allow":["GET"]}}],"collection":[{"href":"https:\/\/proafed.com\/es\/wp-json\/wp\/v2\/posts"}],"about":[{"href":"https:\/\/proafed.com\/es\/wp-json\/wp\/v2\/types\/post"}],"author":[{"embeddable":true,"href":"https:\/\/proafed.com\/es\/wp-json\/wp\/v2\/users\/1"}],"replies":[{"embeddable":true,"href":"https:\/\/proafed.com\/es\/wp-json\/wp\/v2\/comments?post=3240"}],"version-history":[{"count":0,"href":"https:\/\/proafed.com\/es\/wp-json\/wp\/v2\/posts\/3240\/revisions"}],"wp:featuredmedia":[{"embeddable":true,"href":"https:\/\/proafed.com\/es\/wp-json\/wp\/v2\/media\/2591"}],"wp:attachment":[{"href":"https:\/\/proafed.com\/es\/wp-json\/wp\/v2\/media?parent=3240"}],"wp:term":[{"taxonomy":"category","embeddable":true,"href":"https:\/\/proafed.com\/es\/wp-json\/wp\/v2\/categories?post=3240"},{"taxonomy":"post_tag","embeddable":true,"href":"https:\/\/proafed.com\/es\/wp-json\/wp\/v2\/tags?post=3240"}],"curies":[{"name":"wp","href":"https:\/\/api.w.org\/{rel}","templated":true}]}}