{"id":3582,"date":"2023-05-16T20:38:46","date_gmt":"2023-05-16T20:38:46","guid":{"rendered":"https:\/\/proafed.com\/new\/?p=3582"},"modified":"2023-05-27T20:45:22","modified_gmt":"2023-05-27T20:45:22","slug":"con-el-socio-para-el-socio","status":"publish","type":"post","link":"https:\/\/proafed.com\/es\/con-el-socio-para-el-socio\/","title":{"rendered":"Con el socio. Para el socio"},"content":{"rendered":"<p>Gracias. No se me ocurre otra manera de empezar este art\u00edculo que dando las gracias a todos los miembros de la Junta de PROA que han votado de manera un\u00e1nime mi reelecci\u00f3n como presidente de la Federaci\u00f3n. Gracias. Porque a trav\u00e9s de sus votos est\u00e1is ejerciendo vuestro derecho todos los socios de las siete asociaciones de PROA. Saberse con el apoyo sin m\u00e1cula de los m\u00e1s de 200 asociados me da fuerza para continuar defendiendo los intereses de la Federaci\u00f3n y me legitima de manera incuestionable ante nuestros interlocutores.<\/p>\n<p>Como bien sab\u00e9is, los primeros dos a\u00f1os de mi mandato han sido de una intensidad inusual en todos los \u00e1mbitos, sobre todo el legislativo. Luchamos con todas nuestras fuerzas contra la Ley General de Comunicaci\u00f3n Audiovisual; una batalla que perdimos porque el Gobierno de Pedro S\u00e1nchez y Miquel Iceta antepuso sus intereses partidistas a los de los productores independientes.<\/p>\n<p>Admito que perdimos la batalla. Y quiero continuar haciendo autocr\u00edtica. En este caso sobre el modelo de relaci\u00f3n entre los asociados, las asociaciones y la Federaci\u00f3n. Tenemos un modelo que funciona y funciona muy bien, como se ha hecho patente. Las empresas tienen la \u00faltima palabra dentro de sus asociaciones, que son soberanas. El rol de la Federaci\u00f3n es unir esfuerzos y presentar una voz \u00fanica en todos aquellos temas transversales. El modelo funciona, y la prueba es que PROA se ha consolidado de manera irrefutable como voz del sector en el \u00e1mbito catal\u00e1n, pero tambi\u00e9n en el espa\u00f1ol.<\/p>\n<p>A veces los \u00e1rboles no nos dejan ver el bosque. Y como presidente admito que una de las espinas que llevo clavadas es no haber conseguido que todos los socios os sint\u00e1is orgullosos de ser parte de PROA. En este segundo mandato har\u00e9 todo lo posible por reforzar el sentimiento de pertenencia de los asociados, porque nadie, repito, nadie, tenga la sensaci\u00f3n de que no es informado o no se le tiene en cuenta.<\/p>\n<p>Hace falta que desde PROA mejoremos la comunicaci\u00f3n para todo el mundo est\u00e9 al caso de lo que se hace y se sienta orgulloso. \u00a1Alerta! No pretendo decir que no se est\u00e9 haciendo. De hecho, a veces nos encontramos con la disyuntiva de no saber si comunicamos demasiado o demasiado poco, pero siempre ten\u00e9is la informaci\u00f3n. Queremos asegurarnos de que os llega y os es \u00fatil. Pero aqu\u00ed nos hace falta vuestra colaboraci\u00f3n, siendo activos como receptores. Porque os aseguro que hacemos muchas cosas y todas las hacemos por vosotros.<\/p>\n<p>Potenciaremos los encuentros de los socios con los agentes del sector. En pocos meses hemos hecho ya tres, y las tres han sido un \u00e9xito. Las continuaremos haciendo e instauraremos dentro de lo posible el modelo encuentro + networking, de forma que nos vayamos encontrando regularmente y nos vayamos saludando y conociendo. En el \u00faltimo encuentro con Amazon Prime vi lo positivo que es el formato. Y una vez m\u00e1s, os pido ayuda. Cualquier idea, sugerencia y sobre todo queja, hac\u00e9dnoslas llegar a trav\u00e9s de vuestras asociaciones. Todos juntos conseguiremos fortificar este sentimiento de pertenencia.<\/p>\n<p>No me gusta prometer demasiado, lo que s\u00ed que har\u00e9 desde esta tribuna es comprometerme. Comprometerme a que este segundo mandato tenga una divisa clara: \u201ccon el socio. Para el socio\u201d. Gracias por hacerme confianza, es un orgullo representaros.<\/p>\n","protected":false},"excerpt":{"rendered":"<p>Art\u00edculo de Jordi B. Oliva, productor de Imagic TV y presidente de PROA, para el InfoPROA del 16 de mayo<\/p>\n","protected":false},"author":1,"featured_media":3588,"comment_status":"open","ping_status":"open","sticky":false,"template":"","format":"standard","meta":{"_acf_changed":false,"inline_featured_image":false,"footnotes":""},"categories":[115],"tags":[],"class_list":["post-3582","post","type-post","status-publish","format-standard","has-post-thumbnail","hentry","category-proa-es"],"acf":[],"_links":{"self":[{"href":"https:\/\/proafed.com\/es\/wp-json\/wp\/v2\/posts\/3582","targetHints":{"allow":["GET"]}}],"collection":[{"href":"https:\/\/proafed.com\/es\/wp-json\/wp\/v2\/posts"}],"about":[{"href":"https:\/\/proafed.com\/es\/wp-json\/wp\/v2\/types\/post"}],"author":[{"embeddable":true,"href":"https:\/\/proafed.com\/es\/wp-json\/wp\/v2\/users\/1"}],"replies":[{"embeddable":true,"href":"https:\/\/proafed.com\/es\/wp-json\/wp\/v2\/comments?post=3582"}],"version-history":[{"count":0,"href":"https:\/\/proafed.com\/es\/wp-json\/wp\/v2\/posts\/3582\/revisions"}],"wp:featuredmedia":[{"embeddable":true,"href":"https:\/\/proafed.com\/es\/wp-json\/wp\/v2\/media\/3588"}],"wp:attachment":[{"href":"https:\/\/proafed.com\/es\/wp-json\/wp\/v2\/media?parent=3582"}],"wp:term":[{"taxonomy":"category","embeddable":true,"href":"https:\/\/proafed.com\/es\/wp-json\/wp\/v2\/categories?post=3582"},{"taxonomy":"post_tag","embeddable":true,"href":"https:\/\/proafed.com\/es\/wp-json\/wp\/v2\/tags?post=3582"}],"curies":[{"name":"wp","href":"https:\/\/api.w.org\/{rel}","templated":true}]}}