{"id":4848,"date":"2023-04-06T15:17:14","date_gmt":"2023-04-06T15:17:14","guid":{"rendered":"https:\/\/proafed.com\/new\/10ns-premis-prodocs-als-millors-documentals-televisius\/"},"modified":"2023-06-16T15:19:57","modified_gmt":"2023-06-16T15:19:57","slug":"10ns-premis-prodocs-als-millors-documentals-televisius","status":"publish","type":"post","link":"https:\/\/proafed.com\/es\/10ns-premis-prodocs-als-millors-documentals-televisius\/","title":{"rendered":"D\u00e9cimos Premios ProDocs a los mejores documentales televisivos"},"content":{"rendered":"<p>La Asociaci\u00f3n de Productores de Documentales ha abierto la <a href=\"https:\/\/www.dropbox.com\/s\/51pxhmw9g0ilb6l\/Bases%20reguladoras%20del%2010%C2%BA%20Premio%20ProDocs%20al%20mejor%20documental%20televisivo.pdf?dl=0\">convocatoria de los Premios ProDocs<\/a>, que en esta edici\u00f3n llegan a su d\u00e9cimo aniversario y se consolidan como galard\u00f3n de referencia para reconocer las mejores obras documentales televisivas. El plazo de inscripci\u00f3n se cerrar\u00e1 el pr\u00f3ximo 18 de abril y el nombre de los ganadores\/as se har\u00e1 p\u00fablico durante la inauguraci\u00f3n del festival DocsBarcelona, el 18 de mayo de 2023.<\/p>\n<p>Podr\u00e1n presentarse en el certamen los documentales producidos en Espa\u00f1a, financiados para el formato televisivo y emitidos por canales de televisi\u00f3n y plataformas durante 2022. Otro requisito para las obras candidatas es que no tengan una versi\u00f3n de largometraje estrenada en salas o prevista hasta la fecha de entrega del premio. Tendr\u00e1n que estar producidas por productoras independientes o canales de televisi\u00f3n o plataformas con sede en Espa\u00f1a.<\/p>\n<p>Al igual que en la edici\u00f3n de 2022, los Premios ProDocs contar\u00e1n con dos modalidades: mejor documental televisivo, de car\u00e1cter unitario y con una duraci\u00f3n m\u00ednima de 50 minutos, y mejor serie documental, con un m\u00ednimo de dos cap\u00edtulos de al menos 45 minutos cada uno.<\/p>\n<p>El jurado de los d\u00e9cimos Premios ProDocs estar\u00e1 formado por el conjunto de miembros pertenecientes a la asociaci\u00f3n.<\/p>\n<p>En la novena edici\u00f3n de los galardones, ProDocs reconoci\u00f3 <em>El caso Wanninkhof-Carabantes<\/em> (Brutal Media) como mejor documental televisivo, y <em>Terres de cinema<\/em> (L\u2019Andana Audiovisual, Lof Media y \u00c0 Punt) como mejor serie documental. Anteriormente, se hab\u00edan llevado el premio <em>Dictadura, divises i biquinis<\/em>, coproducci\u00f3n de Lastor Media con TVE; <em>\u00c9s a l\u2019aire<\/em>, de Un Capricho de Producciones (2020); <em>Lladres de temps<\/em>, producido por Polar Star Films en 2019; <em>Las cloacas de Interior<\/em>, de Mediapro, en 2018; <em>Muerte en Le\u00f3n<\/em>, de JWProductions, en 2017; <em>Las Sinsombrero<\/em>, producido por Introp\u00eda Media en 2016; <em>El gran Silenci. Horta de Sant Joan<\/em>, de Brutal Media, en 2015, y <em>Dem\u00e0 morir\u00e9<\/em>, de JWProductions, en 2014.<\/p>\n<p><strong>Informaci\u00f3n pr\u00e1ctica: <\/strong><\/p>\n<p><a href=\"https:\/\/www.dropbox.com\/s\/51pxhmw9g0ilb6l\/Bases%20reguladoras%20del%2010%C2%BA%20Premio%20ProDocs%20al%20mejor%20documental%20televisivo.pdf?dl=0\">Bases de los premios<\/a><\/p>\n<p><a href=\"https:\/\/docs.google.com\/forms\/d\/e\/1FAIpQLSehxtGRSyZIM_Sq1zsYGP7RkmiONbS-OwTFptwxMyPMWCQZ_Q\/viewform\">Ficha de inscripci\u00f3n<\/a><\/p>\n","protected":false},"excerpt":{"rendered":"<p>El plazo de inscripci\u00f3n a los Premios ProDocs se cerrar\u00e1 el pr\u00f3ximo 18 de abril.<\/p>\n","protected":false},"author":1,"featured_media":4846,"comment_status":"open","ping_status":"open","sticky":false,"template":"","format":"standard","meta":{"_acf_changed":false,"inline_featured_image":false,"footnotes":""},"categories":[115,114],"tags":[],"class_list":["post-4848","post","type-post","status-publish","format-standard","has-post-thumbnail","hentry","category-proa-es","category-prodocs-es"],"acf":[],"_links":{"self":[{"href":"https:\/\/proafed.com\/es\/wp-json\/wp\/v2\/posts\/4848","targetHints":{"allow":["GET"]}}],"collection":[{"href":"https:\/\/proafed.com\/es\/wp-json\/wp\/v2\/posts"}],"about":[{"href":"https:\/\/proafed.com\/es\/wp-json\/wp\/v2\/types\/post"}],"author":[{"embeddable":true,"href":"https:\/\/proafed.com\/es\/wp-json\/wp\/v2\/users\/1"}],"replies":[{"embeddable":true,"href":"https:\/\/proafed.com\/es\/wp-json\/wp\/v2\/comments?post=4848"}],"version-history":[{"count":0,"href":"https:\/\/proafed.com\/es\/wp-json\/wp\/v2\/posts\/4848\/revisions"}],"wp:featuredmedia":[{"embeddable":true,"href":"https:\/\/proafed.com\/es\/wp-json\/wp\/v2\/media\/4846"}],"wp:attachment":[{"href":"https:\/\/proafed.com\/es\/wp-json\/wp\/v2\/media?parent=4848"}],"wp:term":[{"taxonomy":"category","embeddable":true,"href":"https:\/\/proafed.com\/es\/wp-json\/wp\/v2\/categories?post=4848"},{"taxonomy":"post_tag","embeddable":true,"href":"https:\/\/proafed.com\/es\/wp-json\/wp\/v2\/tags?post=4848"}],"curies":[{"name":"wp","href":"https:\/\/api.w.org\/{rel}","templated":true}]}}